{"id":102824,"date":"2026-03-09T15:05:39","date_gmt":"2026-03-09T22:05:39","guid":{"rendered":"https:\/\/portaltactica.com\/?p=102824"},"modified":"2026-03-09T15:06:04","modified_gmt":"2026-03-09T22:06:04","slug":"laliga-no-autorizo-nada-dice-tebas-sobre-los-comentarios-de-xavi-acerca-de-messi","status":"publish","type":"post","link":"https:\/\/portaltactica.com\/?p=102824","title":{"rendered":"&#8220;LaLiga no autoriz\u00f3 nada&#8221;, dice Tebas sobre los comentarios de Xavi acerca de Messi"},"content":{"rendered":"\n<p>El presidente de\u00a0<strong>LaLiga<\/strong>,\u00a0<strong>Javier Tebas<\/strong>, neg\u00f3 rotundamente las afirmaciones de\u00a0<strong>Xavi Hern\u00e1ndez<\/strong>\u00a0sobre el fallido retorno de\u00a0<strong>Lionel Messi<\/strong>\u00a0a\u00a0<strong>Barcelona\u00a0<\/strong>en 2023. El m\u00e1ximo dirigente de la patronal del futbol espa\u00f1ol, en entrevista para el programa\u00a0<em>Estudio Estadio de TVE<\/em>, asegur\u00f3 que del lado de la organizaci\u00f3n nunca se dio luz verde a dicha operaci\u00f3n.<\/p>\n\n\n\n<blockquote class=\"wp-block-quote is-layout-flow wp-block-quote-is-layout-flow\">\n<p>&#8220;No es verdad. LaLiga no autoriz\u00f3 absolutamente nada ni ten\u00eda el OK para el tema de Messi&#8221;, declar\u00f3 Tebas, lo que contrasta con la versi\u00f3n del exentrenador azulgrana, quien recientemente asegur\u00f3 en una entrevista que el fichaje del astro argentino contaba con la aprobaci\u00f3n econ\u00f3mica de la competici\u00f3n.<\/p>\n<\/blockquote>\n\n\n\n<h2 class=\"wp-block-heading\">\u00bfQu\u00e9 dijo Xavi sobre el fallido regreso de Messi a Barcelona?<\/h2>\n\n\n\n<p>Recientemente, el estratega se\u00f1al\u00f3 que tras el&nbsp;<strong>Mundial de 2022<\/strong>, mantuvo conversaciones durante meses con el jugador, quien mostraba una gran ilusi\u00f3n por volver a vestir la camiseta del Bar\u00e7a. Xavi afirm\u00f3 que las negociaciones con el padre y agente del futbolista,&nbsp;<strong>Jorge Messi<\/strong>, avanzaron de forma favorable y que contaron con el benepl\u00e1cito de LaLiga.<\/p>\n\n\n\n<p>El problema, seg\u00fan la declaraci\u00f3n del exentrenador cul\u00e9, fue el presidente de Barcelona,&nbsp;<strong>Joan Laporta<\/strong>, quien detuvo la operaci\u00f3n en una fase ya avanzada. Al respecto, Tebas aclar\u00f3 que, por parte de LaLiga, la viabilidad econ\u00f3mica del fichaje nunca fue confirmada. &#8220;No es cierto, ya est\u00e1&#8221;, reiter\u00f3 de forma tajante en la firma del&nbsp;<strong>I Convenio Colectivo arbitral en la sede de la RFEF<\/strong>.<\/p>\n\n\n\n<h2 class=\"wp-block-heading\"><br>Tebas defiende el calendario actual del futbol europeo<\/h2>\n\n\n\n<p>Por otra parte, el presidente de LaLiga abord\u00f3 las quejas del futbolista&nbsp;<strong>Jos\u00e9 Mar\u00eda Gim\u00e9nez<\/strong>&nbsp;sobre el apretado calendario. Tebas calific\u00f3 la discusi\u00f3n&#8221; sobre el&nbsp;<strong>descanso m\u00ednimo de 72 horas<\/strong>&nbsp;entre partidos como &#8220;un falso debate\u00bb y defendi\u00f3 la gesti\u00f3n actual de las plantillas, adem\u00e1s de que compar\u00f3 la situaci\u00f3n con la que ocurre en otras competencias como la&nbsp;<strong>Premier League<\/strong>.<\/p>\n\n\n\n<p>&#8220;No s\u00e9 de d\u00f3nde sale esa norma de las 72 horas, no es una norma escrita. En la Premier tienen 60-65 horas&#8221;, argument\u00f3. Record\u00f3 que el aumento de tres a cinco cambios por partido, una medida post-COVID, y las plantillas de 25 jugadores ofrecen herramientas para gestionar el esfuerzo.<\/p>\n\n\n\n<p>&#8220;Hay que saber llevar las plantillas. Prefiero&nbsp;<strong>jugar con 27 de la plantilla que poner 72 horas<\/strong>, porque ser\u00eda muy perjudicial&#8221;, a\u00f1adi\u00f3, en referencia a que los equipos que jueguen en jueves, tendr\u00edan que pasar su siguiente a lunes y eso alterar\u00eda significativamente la competici\u00f3n.<\/p>\n<div class='share-to-whatsapp-wrapper'><div class='share-on-whsp'>Share on: <\/div><a data-text='\"LaLiga no autoriz\u00f3 nada\", dice Tebas sobre los comentarios de Xavi acerca de Messi' data-link='https:\/\/portaltactica.com\/?p=102824' class='whatsapp-button whatsapp-share'>WhatsApp<\/a><div class='clear '><\/div><\/div>","protected":false},"excerpt":{"rendered":"<p>El presidente de\u00a0LaLiga,\u00a0Javier Tebas, neg\u00f3 rotundamente las afirmaciones de\u00a0Xavi Hern\u00e1ndez\u00a0sobre el fallido retorno de\u00a0Lionel Messi\u00a0a\u00a0Barcelona\u00a0en 2023. El m\u00e1ximo dirigente de la&hellip;<\/p>\n","protected":false},"author":2,"featured_media":102825,"comment_status":"closed","ping_status":"closed","sticky":false,"template":"","format":"standard","meta":{"advanced_seo_description":"","jetpack_seo_html_title":"","jetpack_seo_noindex":false,"_jetpack_memberships_contains_paid_content":false,"footnotes":"","jetpack_publicize_message":"","jetpack_publicize_feature_enabled":true,"jetpack_social_post_already_shared":true,"jetpack_social_options":{"image_generator_settings":{"template":"highway","default_image_id":0,"font":"","enabled":false},"version":2}},"categories":[1898],"tags":[],"class_list":["post-102824","post","type-post","status-publish","format-standard","has-post-thumbnail","hentry","category-destacado-internacional"],"jetpack_publicize_connections":[],"jetpack_featured_media_url":"https:\/\/portaltactica.com\/wp-content\/uploads\/2026\/03\/7-2.png","jetpack_sharing_enabled":true,"_links":{"self":[{"href":"https:\/\/portaltactica.com\/index.php?rest_route=\/wp\/v2\/posts\/102824","targetHints":{"allow":["GET"]}}],"collection":[{"href":"https:\/\/portaltactica.com\/index.php?rest_route=\/wp\/v2\/posts"}],"about":[{"href":"https:\/\/portaltactica.com\/index.php?rest_route=\/wp\/v2\/types\/post"}],"author":[{"embeddable":true,"href":"https:\/\/portaltactica.com\/index.php?rest_route=\/wp\/v2\/users\/2"}],"replies":[{"embeddable":true,"href":"https:\/\/portaltactica.com\/index.php?rest_route=%2Fwp%2Fv2%2Fcomments&post=102824"}],"version-history":[{"count":1,"href":"https:\/\/portaltactica.com\/index.php?rest_route=\/wp\/v2\/posts\/102824\/revisions"}],"predecessor-version":[{"id":102826,"href":"https:\/\/portaltactica.com\/index.php?rest_route=\/wp\/v2\/posts\/102824\/revisions\/102826"}],"wp:featuredmedia":[{"embeddable":true,"href":"https:\/\/portaltactica.com\/index.php?rest_route=\/wp\/v2\/media\/102825"}],"wp:attachment":[{"href":"https:\/\/portaltactica.com\/index.php?rest_route=%2Fwp%2Fv2%2Fmedia&parent=102824"}],"wp:term":[{"taxonomy":"category","embeddable":true,"href":"https:\/\/portaltactica.com\/index.php?rest_route=%2Fwp%2Fv2%2Fcategories&post=102824"},{"taxonomy":"post_tag","embeddable":true,"href":"https:\/\/portaltactica.com\/index.php?rest_route=%2Fwp%2Fv2%2Ftags&post=102824"}],"curies":[{"name":"wp","href":"https:\/\/api.w.org\/{rel}","templated":true}]}}