{"id":102821,"date":"2026-03-09T15:01:21","date_gmt":"2026-03-09T22:01:21","guid":{"rendered":"https:\/\/portaltactica.com\/?p=102821"},"modified":"2026-03-09T15:01:29","modified_gmt":"2026-03-09T22:01:29","slug":"espacio-en-el-tri-andres-gudino-de-cruz-azul-levanta-la-mano-para-la-seleccion-mexicana","status":"publish","type":"post","link":"https:\/\/portaltactica.com\/?p=102821","title":{"rendered":"\u00bfEspacio en el Tri? Andr\u00e9s Gudi\u00f1o de Cruz Azul levanta la mano para la Selecci\u00f3n Mexicana"},"content":{"rendered":"\n<p>Apunta al Tri. El futbol es de oportunidades y Andr\u00e9s Gudi\u00f1o, arquero de\u00a0<strong>Cruz Azul<\/strong>\u00a0ha sabido aprovecharlas. El portero de La M\u00e1quina &#8216;sali\u00f3 al quite&#8217; ante la lamentable lesi\u00f3n de\u00a0<strong>Kevin Mier<\/strong>\u00a0y gracias a sus buenas actuaciones, el guardameta de La M\u00e1quina se encuentra en la mira de la\u00a0<strong>Selecci\u00f3n Mexicana.<\/strong><\/p>\n\n\n\n<p>De acuerdo a informaci\u00f3n, la Direcci\u00f3n de Selecciones Nacionales sigue de cerca a\u00a0<strong>Gudi\u00f1o<\/strong>\u00a0y ya tuvieron contactos con el guardameta mexicano para informarle que est\u00e1 en el radar del Tri y podr\u00eda recibir su primer llamado.<\/p>\n\n\n\n<p>Es importante se\u00f1alar que si bien la&nbsp;<strong>FMF<\/strong>&nbsp;s\u00ed contempla a&nbsp;<strong>Gudi\u00f1o<\/strong>&nbsp;para un posible llamado, su convocatoria no es para el corto plazo. El plan con el portero de&nbsp;<strong>Cruz Azu<\/strong>l es de cara al pr\u00f3ximo ciclo mundialista, es decir, para el&nbsp;<strong>2030.<\/strong><\/p>\n\n\n\n<blockquote class=\"wp-block-quote is-layout-flow wp-block-quote-is-layout-flow\">\n<p>&#8220;La direcci\u00f3n de Selecciones Nacionales ya habl\u00f3 con Andr\u00e9s Gudi\u00f1o y est\u00e1 contemplado entre los porteros que vayan a la Selecci\u00f3n Mexicana, post ciclo de Javier Aguirre en el Mundial 2026&#8221;<\/p>\n<\/blockquote>\n\n\n\n<p>Dicho esto,&nbsp;<strong>Andr\u00e9s Gudi\u00f1o<\/strong>&nbsp;tiene pr\u00e1cticamente nulas posibilidades de ser llamado con&nbsp;<strong>M\u00e9xico<\/strong>&nbsp;para la pr\u00f3xima&nbsp;<strong>Fecha FIFA&nbsp;<\/strong>en este mes de marzo y mucho menos para llegar a la&nbsp;<strong>Copa del Mundo;<\/strong>&nbsp;pero su oportunidad podr\u00eda llegar este mismo 2026 ya con un nuevo entrenador en el banquillo del Tri.<\/p>\n\n\n\n<h2 class=\"wp-block-heading\"><br>EL &#8216;GRAN PROBLEMA&#8217; DE GUDI\u00d1O<\/h2>\n\n\n\n<p>A pesar de estar en la mira del Tri, Andr\u00e9s Gudi\u00f1o podr\u00eda enfrentar una problem\u00e1tica que le dificultar\u00eda su llegada a la Selecci\u00f3n Mexicana y ese problema tiene nombre y apellido: Kevin Mier.<\/p>\n\n\n\n<p>El guardameta colombiano que sufri\u00f3 una fractura de tibia en noviembre del 2025 ya est\u00e1 por volver. Durante la Jornada 10, Kevin Mier regres\u00f3 a las canchas con la categor\u00eda Sub-21 de La M\u00e1quina y ya con el alta m\u00e9dica, seguramente no tardar\u00e1 en volver a hacerse de la titularidad en el arco de Cruz Azul.<\/p>\n\n\n\n<p>Si&nbsp;<strong>Andr\u00e9s Gudi\u00f1o<\/strong>&nbsp;quiere llegar a la&nbsp;<strong>Selecci\u00f3n Mexicana&nbsp;<\/strong>tendr\u00e1 que mantener el nivel mostrado durante este Clausura 2026 y para eso hay dos opciones: &#8216;robarle&#8217; el puesto a Kevin Mier en un mano a mano con ambos porteros sanos, o buscar minutos fuera de La Noria.<\/p>\n<div class='share-to-whatsapp-wrapper'><div class='share-on-whsp'>Share on: <\/div><a data-text='\u00bfEspacio en el Tri? Andr\u00e9s Gudi\u00f1o de Cruz Azul levanta la mano para la Selecci\u00f3n Mexicana' data-link='https:\/\/portaltactica.com\/?p=102821' class='whatsapp-button whatsapp-share'>WhatsApp<\/a><div class='clear '><\/div><\/div>","protected":false},"excerpt":{"rendered":"<p>Apunta al Tri. El futbol es de oportunidades y Andr\u00e9s Gudi\u00f1o, arquero de\u00a0Cruz Azul\u00a0ha sabido aprovecharlas. El portero de La M\u00e1quina&hellip;<\/p>\n","protected":false},"author":2,"featured_media":102822,"comment_status":"closed","ping_status":"closed","sticky":false,"template":"","format":"standard","meta":{"advanced_seo_description":"","jetpack_seo_html_title":"","jetpack_seo_noindex":false,"_jetpack_memberships_contains_paid_content":false,"footnotes":"","jetpack_publicize_message":"","jetpack_publicize_feature_enabled":true,"jetpack_social_post_already_shared":true,"jetpack_social_options":{"image_generator_settings":{"template":"highway","default_image_id":0,"font":"","enabled":false},"version":2}},"categories":[1897,1896],"tags":[],"class_list":["post-102821","post","type-post","status-publish","format-standard","has-post-thumbnail","hentry","category-destacado-nacional","category-destacado-portada"],"jetpack_publicize_connections":[],"jetpack_featured_media_url":"https:\/\/portaltactica.com\/wp-content\/uploads\/2026\/03\/6-3.png","jetpack_sharing_enabled":true,"_links":{"self":[{"href":"https:\/\/portaltactica.com\/index.php?rest_route=\/wp\/v2\/posts\/102821","targetHints":{"allow":["GET"]}}],"collection":[{"href":"https:\/\/portaltactica.com\/index.php?rest_route=\/wp\/v2\/posts"}],"about":[{"href":"https:\/\/portaltactica.com\/index.php?rest_route=\/wp\/v2\/types\/post"}],"author":[{"embeddable":true,"href":"https:\/\/portaltactica.com\/index.php?rest_route=\/wp\/v2\/users\/2"}],"replies":[{"embeddable":true,"href":"https:\/\/portaltactica.com\/index.php?rest_route=%2Fwp%2Fv2%2Fcomments&post=102821"}],"version-history":[{"count":1,"href":"https:\/\/portaltactica.com\/index.php?rest_route=\/wp\/v2\/posts\/102821\/revisions"}],"predecessor-version":[{"id":102823,"href":"https:\/\/portaltactica.com\/index.php?rest_route=\/wp\/v2\/posts\/102821\/revisions\/102823"}],"wp:featuredmedia":[{"embeddable":true,"href":"https:\/\/portaltactica.com\/index.php?rest_route=\/wp\/v2\/media\/102822"}],"wp:attachment":[{"href":"https:\/\/portaltactica.com\/index.php?rest_route=%2Fwp%2Fv2%2Fmedia&parent=102821"}],"wp:term":[{"taxonomy":"category","embeddable":true,"href":"https:\/\/portaltactica.com\/index.php?rest_route=%2Fwp%2Fv2%2Fcategories&post=102821"},{"taxonomy":"post_tag","embeddable":true,"href":"https:\/\/portaltactica.com\/index.php?rest_route=%2Fwp%2Fv2%2Ftags&post=102821"}],"curies":[{"name":"wp","href":"https:\/\/api.w.org\/{rel}","templated":true}]}}