{"id":102813,"date":"2026-03-09T14:55:47","date_gmt":"2026-03-09T21:55:47","guid":{"rendered":"https:\/\/portaltactica.com\/?p=102813"},"modified":"2026-03-09T14:55:54","modified_gmt":"2026-03-09T21:55:54","slug":"brasil-incluye-a-neymar-en-su-lista-preliminar-rumbo-al-mundial-2026","status":"publish","type":"post","link":"https:\/\/portaltactica.com\/?p=102813","title":{"rendered":"Brasil incluye a Neymar en su lista preliminar rumbo al Mundial 2026"},"content":{"rendered":"\n<p>Una nueva ilusi\u00f3n surge en Brasil. A tres meses de que comience la\u00a0<strong>Copa del Mundo Norteam\u00e9rica 2026<\/strong>, resurgi\u00f3 la posibilidad de que\u00a0<strong>Neymar<\/strong>\u00a0sea convocado al torneo de la\u00a0<strong>FIFA<\/strong>, luego de que fue incluido en la lista preliminar para los amistosos a finales de este mes. No obstante, ser\u00e1 hasta la pr\u00f3xima semana que se confirme si ser\u00e1 tomado en cuenta.<\/p>\n\n\n\n<p>Al igual que Neymar,\u00a0<strong>Endrick<\/strong>\u00a0tambi\u00e9n est\u00e1 en la \u00f3rbita de\u00a0<strong>Carlo Ancelotti<\/strong>\u00a0para los amistosos que la\u00a0<strong>Selecci\u00f3n de Brasil\u00a0<\/strong>tendr\u00e1 ante\u00a0<strong>Francia\u00a0<\/strong>(26 de marzo) y\u00a0<strong>Croacia<\/strong>\u00a0(31 de marzo) en Estados Unidos. En ambos casos, si son llamados oficialmente, podr\u00eda ser su \u00faltima oportunidad de ganarse un lugar en la lista mundialista.<\/p>\n\n\n\n<h2 class=\"wp-block-heading\">Lesi\u00f3n de Rodrygo abri\u00f3 las puertas a Neymar en Brasil<\/h2>\n\n\n\n<p>Desde que Ancelotti asumi\u00f3 las riendas de la Verdeamarela, una de las principales inc\u00f3gnitas es si el jugador de&nbsp;<strong>Santos<\/strong>&nbsp;ser\u00e1 tomado en cuenta para el Mundial 2026. Al respecto, el t\u00e9cnico italiano ha externado que depender\u00e1 de lo sano que est\u00e9 el futbolista, a quien las lesiones le han impedido retomar su mejor nivel, tanto con&nbsp;<strong>Al Hilal<\/strong>&nbsp;como Santos, y por supuesto con la selecci\u00f3n.<\/p>\n\n\n\n<p>No obstante, a ra\u00edz de la lesi\u00f3n de&nbsp;<strong>Rodrygo<\/strong>, la&nbsp;<strong>Confederaci\u00f3n Brasile\u00f1a de F\u00fatbol<\/strong>&nbsp;(CBF) ha replanteado sus opciones. Seg\u00fan los reportes de la prensa internacional,&nbsp;<strong>Igor Thiago<\/strong>, de&nbsp;<strong>Brentford<\/strong>, y&nbsp;<strong>Richarlison<\/strong>, de&nbsp;<strong>Tottenham<\/strong>, son dos jugadores que llevan la delantera para ser llamados con la Canarinha, y&nbsp;<strong>Vitor Roque<\/strong>&nbsp;tambi\u00e9n est\u00e1 entre las alternativas principales.<\/p>\n\n\n\n<p>Pero con la baja prolongada del jugador de&nbsp;<strong>Real Madrid<\/strong>&nbsp;obliga a mirar otras opciones y de ah\u00ed la oportunidad para Neymar o Endrick. En el caso del primero, seg\u00fan reportes, se le condicion\u00f3&nbsp; es que est\u00e9 en tono y buen momento f\u00edsico, luego de su m\u00e1s reciente operaci\u00f3n de la rodilla, la cual precisamente lo dej\u00f3 fuera de la \u00faltima lista de Ancelotti en noviembre del a\u00f1o pasado.<\/p>\n\n\n\n<h2 class=\"wp-block-heading\">\u00bfCu\u00e1ndo fue el \u00faltimo partido de Neymar con la Selecci\u00f3n de Brasil?<\/h2>\n\n\n\n<p>Desde el 18 de octubre de 2023, en la cuarta jornada de las eliminatorias de&nbsp;<strong>Conmebol&nbsp;<\/strong>rumbo a la Copa Mundial, Neymar no ha jugado con su selecci\u00f3n. En aquella derrota 2-0 contra la&nbsp;<strong>Selecci\u00f3n de Uruguay<\/strong>, comenz\u00f3 como titular pero sali\u00f3 de cambio al final del primer tiempo por una rotura de ligamentos;&nbsp;<strong>Richarlison&nbsp;<\/strong>fue el encargado de reemplazarlo en el compromiso celebrado en el&nbsp;<strong>Estadio Centenario<\/strong>.<\/p>\n\n\n\n<p>Desde entonces, entre amistosos, eliminatorias sudamericanas y la&nbsp;<strong>Copa Am\u00e9rica 2024<\/strong>, Brasil ha disputado 26 partidos sin &#8216;Ney&#8217;, quien a nivel de clubes se ha perdido&nbsp;<strong>91 compromisos en ese periodo de tiempo<\/strong>. Ahora, con el inicio del Mundial 2026 tan cerca, el atacante de 34 a\u00f1os tendr\u00e1 que apretar el paso para meterse en la lista final de Ancelotti.<\/p>\n<div class='share-to-whatsapp-wrapper'><div class='share-on-whsp'>Share on: <\/div><a data-text='Brasil incluye a Neymar en su lista preliminar rumbo al Mundial 2026' data-link='https:\/\/portaltactica.com\/?p=102813' class='whatsapp-button whatsapp-share'>WhatsApp<\/a><div class='clear '><\/div><\/div>","protected":false},"excerpt":{"rendered":"<p>Una nueva ilusi\u00f3n surge en Brasil. A tres meses de que comience la\u00a0Copa del Mundo Norteam\u00e9rica 2026, resurgi\u00f3 la posibilidad de&hellip;<\/p>\n","protected":false},"author":2,"featured_media":102816,"comment_status":"closed","ping_status":"closed","sticky":false,"template":"","format":"standard","meta":{"advanced_seo_description":"","jetpack_seo_html_title":"","jetpack_seo_noindex":false,"_jetpack_memberships_contains_paid_content":false,"footnotes":"","jetpack_publicize_message":"","jetpack_publicize_feature_enabled":true,"jetpack_social_post_already_shared":true,"jetpack_social_options":{"image_generator_settings":{"template":"highway","default_image_id":0,"font":"","enabled":false},"version":2}},"categories":[1896],"tags":[],"class_list":["post-102813","post","type-post","status-publish","format-standard","has-post-thumbnail","hentry","category-destacado-portada"],"jetpack_publicize_connections":[],"jetpack_featured_media_url":"https:\/\/portaltactica.com\/wp-content\/uploads\/2026\/03\/4-4.png","jetpack_sharing_enabled":true,"_links":{"self":[{"href":"https:\/\/portaltactica.com\/index.php?rest_route=\/wp\/v2\/posts\/102813","targetHints":{"allow":["GET"]}}],"collection":[{"href":"https:\/\/portaltactica.com\/index.php?rest_route=\/wp\/v2\/posts"}],"about":[{"href":"https:\/\/portaltactica.com\/index.php?rest_route=\/wp\/v2\/types\/post"}],"author":[{"embeddable":true,"href":"https:\/\/portaltactica.com\/index.php?rest_route=\/wp\/v2\/users\/2"}],"replies":[{"embeddable":true,"href":"https:\/\/portaltactica.com\/index.php?rest_route=%2Fwp%2Fv2%2Fcomments&post=102813"}],"version-history":[{"count":1,"href":"https:\/\/portaltactica.com\/index.php?rest_route=\/wp\/v2\/posts\/102813\/revisions"}],"predecessor-version":[{"id":102817,"href":"https:\/\/portaltactica.com\/index.php?rest_route=\/wp\/v2\/posts\/102813\/revisions\/102817"}],"wp:featuredmedia":[{"embeddable":true,"href":"https:\/\/portaltactica.com\/index.php?rest_route=\/wp\/v2\/media\/102816"}],"wp:attachment":[{"href":"https:\/\/portaltactica.com\/index.php?rest_route=%2Fwp%2Fv2%2Fmedia&parent=102813"}],"wp:term":[{"taxonomy":"category","embeddable":true,"href":"https:\/\/portaltactica.com\/index.php?rest_route=%2Fwp%2Fv2%2Fcategories&post=102813"},{"taxonomy":"post_tag","embeddable":true,"href":"https:\/\/portaltactica.com\/index.php?rest_route=%2Fwp%2Fv2%2Ftags&post=102813"}],"curies":[{"name":"wp","href":"https:\/\/api.w.org\/{rel}","templated":true}]}}