{"id":102810,"date":"2026-03-09T13:02:47","date_gmt":"2026-03-09T20:02:47","guid":{"rendered":"https:\/\/portaltactica.com\/?p=102810"},"modified":"2026-03-09T13:02:54","modified_gmt":"2026-03-09T20:02:54","slug":"estara-con-mexico-cesar-montes-se-lesiona-en-rusia-y-genera-preocupacion-rumbo-a-la-fecha-fifa","status":"publish","type":"post","link":"https:\/\/portaltactica.com\/?p=102810","title":{"rendered":"\u00bfEstar\u00e1 con M\u00e9xico? C\u00e9sar Montes se lesiona en Rusia y genera preocupaci\u00f3n rumbo a la Fecha FIFA"},"content":{"rendered":"\n<p>Este es un mes relevante para la\u00a0Selecci\u00f3n Mexicana\u00a0<strong>debido a que el Tri juega un amistoso con Portugal y con B\u00e9lgica<\/strong>. A tan solo tres meses del comienzo del\u00a0Mundial 2026, estos dos partidos son los m\u00e1s trascendentales que jugar\u00e1 el equipo en la previa al torneo.<\/p>\n\n\n\n<p>Javier Aguirre\u00a0est\u00e1 ultimando detalles para definir la lista de convocados para esta Fecha FIFA. Hay muchos futbolistas que ya tienen un lugar asegurado en el Mundial, pero otros pelean su puesto.\u00a0<strong>Dentro de los primeros est\u00e1\u00a0C\u00e9sar Montes, quien es uno de los l\u00edderes de M\u00e9xico<\/strong>.<\/p>\n\n\n\n<h2 class=\"wp-block-heading\">C\u00e9sar Montes se lesion\u00f3<\/h2>\n\n\n\n<p>Sin embargo, en las \u00faltimas horas surgi\u00f3 la mala noticia de que&nbsp;<strong>C\u00e9sar Montes sali\u00f3 por lesi\u00f3n en el \u00faltimo partido del Lokomotiv de Mosc\u00fa<\/strong>. El defensa tuvo que ser sustituido en el minuto 29 del encuentro de este domingo ante Akhmat Grozny.<\/p>\n\n\n\n<p><strong>Todav\u00eda no se conocen m\u00e1s detalles acerca de la lesi\u00f3n de C\u00e9sar Montes<\/strong>, sobre la gravedad de la situaci\u00f3n y si hay posibilidades de que el ex jugador de Rayados no pueda estar presente en los dos amistosos de la Selecci\u00f3n Mexicana.<\/p>\n\n\n\n<p>C\u00e9sar Montes es uno de los referentes del Tri.\u00a0<strong>El mexicano de 29 a\u00f1os ha sido titular en 16 de los 21 encuentros oficiales<\/strong>\u00a0que disput\u00f3 el equipo en Fecha FIFA desde que Javier Aguirre regres\u00f3 a la selecci\u00f3n nacional. Por eso ser\u00eda un duro golpe para el Vasco no poder contar con el defensa pensando en estos partidos.<\/p>\n\n\n\n<p>Portugal y B\u00e9lgica son dos grandes rivales para M\u00e9xico y el Vasco utilizar\u00e1 ambos amistosos para analizar muchos aspectos del Tri. En los pr\u00f3ximos d\u00edas se sabr\u00e1 con m\u00e1s detalles sobre la lesi\u00f3n de C\u00e9sar Montes y si el Vasco podr\u00e1 contar con el defensa.<\/p>\n\n\n\n<p><a href=\"https:\/\/bolavip.com\/mx\/seleccionmexicana\/confirman-fecha-de-regreso-de-gilberto-mora-tras-su-pubalgia-luego-de-ser-atendido-en-pittsburgh\"><\/a><\/p>\n<div class='share-to-whatsapp-wrapper'><div class='share-on-whsp'>Share on: <\/div><a data-text='\u00bfEstar\u00e1 con M\u00e9xico? C\u00e9sar Montes se lesiona en Rusia y genera preocupaci\u00f3n rumbo a la Fecha FIFA' data-link='https:\/\/portaltactica.com\/?p=102810' class='whatsapp-button whatsapp-share'>WhatsApp<\/a><div class='clear '><\/div><\/div>","protected":false},"excerpt":{"rendered":"<p>Este es un mes relevante para la\u00a0Selecci\u00f3n Mexicana\u00a0debido a que el Tri juega un amistoso con Portugal y con B\u00e9lgica. A&hellip;<\/p>\n","protected":false},"author":2,"featured_media":102811,"comment_status":"closed","ping_status":"closed","sticky":false,"template":"","format":"standard","meta":{"advanced_seo_description":"","jetpack_seo_html_title":"","jetpack_seo_noindex":false,"_jetpack_memberships_contains_paid_content":false,"footnotes":"","jetpack_publicize_message":"","jetpack_publicize_feature_enabled":true,"jetpack_social_post_already_shared":true,"jetpack_social_options":{"image_generator_settings":{"template":"highway","default_image_id":0,"font":"","enabled":false},"version":2}},"categories":[1896],"tags":[],"class_list":["post-102810","post","type-post","status-publish","format-standard","has-post-thumbnail","hentry","category-destacado-portada"],"jetpack_publicize_connections":[],"jetpack_featured_media_url":"https:\/\/portaltactica.com\/wp-content\/uploads\/2026\/03\/3-4.png","jetpack_sharing_enabled":true,"_links":{"self":[{"href":"https:\/\/portaltactica.com\/index.php?rest_route=\/wp\/v2\/posts\/102810","targetHints":{"allow":["GET"]}}],"collection":[{"href":"https:\/\/portaltactica.com\/index.php?rest_route=\/wp\/v2\/posts"}],"about":[{"href":"https:\/\/portaltactica.com\/index.php?rest_route=\/wp\/v2\/types\/post"}],"author":[{"embeddable":true,"href":"https:\/\/portaltactica.com\/index.php?rest_route=\/wp\/v2\/users\/2"}],"replies":[{"embeddable":true,"href":"https:\/\/portaltactica.com\/index.php?rest_route=%2Fwp%2Fv2%2Fcomments&post=102810"}],"version-history":[{"count":1,"href":"https:\/\/portaltactica.com\/index.php?rest_route=\/wp\/v2\/posts\/102810\/revisions"}],"predecessor-version":[{"id":102812,"href":"https:\/\/portaltactica.com\/index.php?rest_route=\/wp\/v2\/posts\/102810\/revisions\/102812"}],"wp:featuredmedia":[{"embeddable":true,"href":"https:\/\/portaltactica.com\/index.php?rest_route=\/wp\/v2\/media\/102811"}],"wp:attachment":[{"href":"https:\/\/portaltactica.com\/index.php?rest_route=%2Fwp%2Fv2%2Fmedia&parent=102810"}],"wp:term":[{"taxonomy":"category","embeddable":true,"href":"https:\/\/portaltactica.com\/index.php?rest_route=%2Fwp%2Fv2%2Fcategories&post=102810"},{"taxonomy":"post_tag","embeddable":true,"href":"https:\/\/portaltactica.com\/index.php?rest_route=%2Fwp%2Fv2%2Ftags&post=102810"}],"curies":[{"name":"wp","href":"https:\/\/api.w.org\/{rel}","templated":true}]}}