{"id":102759,"date":"2026-03-06T15:08:30","date_gmt":"2026-03-06T22:08:30","guid":{"rendered":"https:\/\/portaltactica.com\/?p=102759"},"modified":"2026-03-06T15:08:41","modified_gmt":"2026-03-06T22:08:41","slug":"banos-despeja-dudas-sobre-su-futuro-en-america-me-quedan-cinco-anos-de-contrato","status":"publish","type":"post","link":"https:\/\/portaltactica.com\/?p=102759","title":{"rendered":"Ba\u00f1os despeja dudas sobre su futuro en Am\u00e9rica: &#8220;Me quedan cinco a\u00f1os de contrato&#8221;"},"content":{"rendered":"\n<p>A pesar de los rumores y el deseo de la afici\u00f3n de\u00a0<strong>Am\u00e9rica<\/strong>\u00a0de que\u00a0<strong>Santiago Ba\u00f1os<\/strong>\u00a0salga del equipo, el dirigente fue muy claro al expresar que\u00a0<strong>reci\u00e9n renov\u00f3 su contrato con el club<\/strong>\u00a0y que este termina en 2029, aunque entiende que en cualquier momento\u00a0tambi\u00e9n pueden darle salida\u00a0si los altos mandos as\u00ed lo desean.<\/p>\n\n\n\n<blockquote class=\"wp-block-quote is-layout-flow wp-block-quote-is-layout-flow\">\n<p>\u201c<strong>No, no, no, no hay nada de eso, tengo contrato cinco a\u00f1os que firm\u00e9<\/strong>, si no mal recuerdo, el a\u00f1o pasado. Yo estoy tranquilo aqu\u00ed,&nbsp;<strong>cuando me notifiquen que mi ciclo termin\u00f3, a lo que sigue<\/strong>, pero hasta el d\u00eda de hoy estoy firme, trabajando, convencido del de lo que estamos haciendo del proyecto, y bueno, en estos momentos la verdad es que no me no me interesa salir del club\u201d.<\/p>\n<\/blockquote>\n\n\n\n<h2 class=\"wp-block-heading\">No hay vestidor roto en roto en Am\u00e9rica<\/h2>\n\n\n\n<p>El dirigente tambi\u00e9n se dio tiempo de negar las diferentes versiones period\u00edsticas en las que se menciona que\u00a0el vestidor del Am\u00e9rica est\u00e1 fracturado\u00a0y asever\u00f3 que incluso Raphael Veiga est\u00e1 aprendiendo espa\u00f1ol para adaptarse m\u00e1s r\u00e1pido al equipo.<\/p>\n\n\n\n<blockquote class=\"wp-block-quote is-layout-flow wp-block-quote-is-layout-flow\">\n<p>\u201cCero. Todos est\u00e1n el mismo barco.&nbsp;<strong>Obviamente, hay ciertos jugadores que podr\u00e1n estar m\u00e1s contentos que otros<\/strong>&nbsp;por la cantidad de minutos que tienen, pero al final del d\u00eda siguen trabajando y est\u00e1n comprometidos con el club y con los objetivos.<\/p>\n<\/blockquote>\n\n\n\n<blockquote class=\"wp-block-quote is-layout-flow wp-block-quote-is-layout-flow\">\n<p>&#8220;Ayer&nbsp;<strong>hubo una reuni\u00f3n muy productiva, los jugadores se ven contentos, se ven tranquilos<\/strong>, no pasa por ah\u00ed. La verdad que que es un grupo sano, no hay ninguna divisi\u00f3n entre los brasile\u00f1os y los mexicanos totalmente falso y absurdo. Los tres, tanto tanto Lima, Vega y Dorado llevan muy buena relaci\u00f3n con los dem\u00e1s, tan es as\u00ed que conviven mucho. Vega no puede no puede ser diferente porque apenas estaba aprendiendo a hablar espa\u00f1ol, y trata de hacerlo de la mejor manera posible junt\u00e1ndose con los con los mexicanos. Dourado tiene mucho tiempo en M\u00e9xico, Lima es un tipo muy introvertido, que tambi\u00e9n est\u00e1 siempre a disposici\u00f3n, entonces, no hay nada m\u00e1s falso que eso\u201d.<\/p>\n<\/blockquote>\n\n\n\n<p>El directivo tambi\u00e9n se neg\u00f3 a catalogar la situaci\u00f3n que vive el\u00a0Am\u00e9rica\u00a0como una crisis, pues sabe que hay tiempo para revertir la situaci\u00f3n como ocurri\u00f3 en el Apertura 2024 donde consiguieron el tricampeonato.<\/p>\n\n\n\n<blockquote class=\"wp-block-quote is-layout-flow wp-block-quote-is-layout-flow\">\n<p>\u201cSi han sido muy malos resultados, sobre todo los dos \u00faltimos de de local,<strong>&nbsp;no hemos estado a la altura<\/strong>, cuando en los dos partidos al minuto cuatro vas perdiendo, es muy complicado, sobre todo con equipos que al encontrarse con un gol tan temprano, se repliegan atr\u00e1s y buscan el contragolpe, y se vuelve se vuelve sumamente complicado en la vuelta. Yo creo, y estamos convencidos que eso es un solo un mal momento, no crisis, si fuera la Jornada 17, estar\u00edamos fuera de zona de clasificaci\u00f3n, pero tenemos tres partidos y esta semana que puede cambiar radicalmente el estatus del equipo.<\/p>\n<\/blockquote>\n<div class='share-to-whatsapp-wrapper'><div class='share-on-whsp'>Share on: <\/div><a data-text='Ba\u00f1os despeja dudas sobre su futuro en Am\u00e9rica: \"Me quedan cinco a\u00f1os de contrato\"' data-link='https:\/\/portaltactica.com\/?p=102759' class='whatsapp-button whatsapp-share'>WhatsApp<\/a><div class='clear '><\/div><\/div>","protected":false},"excerpt":{"rendered":"<p>A pesar de los rumores y el deseo de la afici\u00f3n de\u00a0Am\u00e9rica\u00a0de que\u00a0Santiago Ba\u00f1os\u00a0salga del equipo, el dirigente fue muy claro&hellip;<\/p>\n","protected":false},"author":2,"featured_media":102760,"comment_status":"closed","ping_status":"closed","sticky":false,"template":"","format":"standard","meta":{"advanced_seo_description":"","jetpack_seo_html_title":"","jetpack_seo_noindex":false,"_jetpack_memberships_contains_paid_content":false,"footnotes":"","jetpack_publicize_message":"","jetpack_publicize_feature_enabled":true,"jetpack_social_post_already_shared":true,"jetpack_social_options":{"image_generator_settings":{"template":"highway","default_image_id":0,"font":"","enabled":false},"version":2}},"categories":[1897],"tags":[],"class_list":["post-102759","post","type-post","status-publish","format-standard","has-post-thumbnail","hentry","category-destacado-nacional"],"jetpack_publicize_connections":[],"jetpack_featured_media_url":"https:\/\/portaltactica.com\/wp-content\/uploads\/2026\/03\/10.jpg","jetpack_sharing_enabled":true,"_links":{"self":[{"href":"https:\/\/portaltactica.com\/index.php?rest_route=\/wp\/v2\/posts\/102759","targetHints":{"allow":["GET"]}}],"collection":[{"href":"https:\/\/portaltactica.com\/index.php?rest_route=\/wp\/v2\/posts"}],"about":[{"href":"https:\/\/portaltactica.com\/index.php?rest_route=\/wp\/v2\/types\/post"}],"author":[{"embeddable":true,"href":"https:\/\/portaltactica.com\/index.php?rest_route=\/wp\/v2\/users\/2"}],"replies":[{"embeddable":true,"href":"https:\/\/portaltactica.com\/index.php?rest_route=%2Fwp%2Fv2%2Fcomments&post=102759"}],"version-history":[{"count":1,"href":"https:\/\/portaltactica.com\/index.php?rest_route=\/wp\/v2\/posts\/102759\/revisions"}],"predecessor-version":[{"id":102761,"href":"https:\/\/portaltactica.com\/index.php?rest_route=\/wp\/v2\/posts\/102759\/revisions\/102761"}],"wp:featuredmedia":[{"embeddable":true,"href":"https:\/\/portaltactica.com\/index.php?rest_route=\/wp\/v2\/media\/102760"}],"wp:attachment":[{"href":"https:\/\/portaltactica.com\/index.php?rest_route=%2Fwp%2Fv2%2Fmedia&parent=102759"}],"wp:term":[{"taxonomy":"category","embeddable":true,"href":"https:\/\/portaltactica.com\/index.php?rest_route=%2Fwp%2Fv2%2Fcategories&post=102759"},{"taxonomy":"post_tag","embeddable":true,"href":"https:\/\/portaltactica.com\/index.php?rest_route=%2Fwp%2Fv2%2Ftags&post=102759"}],"curies":[{"name":"wp","href":"https:\/\/api.w.org\/{rel}","templated":true}]}}