{"id":102738,"date":"2026-03-06T13:38:19","date_gmt":"2026-03-06T20:38:19","guid":{"rendered":"https:\/\/portaltactica.com\/?p=102738"},"modified":"2026-03-06T13:38:27","modified_gmt":"2026-03-06T20:38:27","slug":"nueva-camiseta-de-visitante-de-mexico-para-el-mundial-2026-se-muestra-en-imagenes-filtradas","status":"publish","type":"post","link":"https:\/\/portaltactica.com\/?p=102738","title":{"rendered":"Nueva camiseta de visitante de M\u00e9xico para el Mundial 2026 se muestra en im\u00e1genes filtradas"},"content":{"rendered":"\n<p>La\u00a0Selecci\u00f3n Mexicana\u00a0prepara todo para la Copa del Mundo 2026, pero antes los espera la reinauguraci\u00f3n del Estadio Banorte en la pr\u00f3xima Fecha FIFA ante Portugal, periodo en el cual podr\u00edan\u00a0<strong>estrenar la camiseta de visitante<\/strong>\u00a0que utilizar\u00e1n el pr\u00f3ximo verano y ya hay im\u00e1genes oficiales.<\/p>\n\n\n\n<p>A unos meses de que adidas lanzara la camiseta de local con la Piedra del Sol como emblema principal y en color verde con vivos en blanco y rojo, el p\u00fablico ped\u00eda m\u00e1s considerando que el certamen mundialista se jugar\u00e1 en casa, por lo que ya estar\u00eda lista la presentaci\u00f3n de la segunda equipaci\u00f3n.<\/p>\n\n\n\n<h2 class=\"wp-block-heading\">\u00bfC\u00f3mo ser\u00e1 la camiseta de visitante de M\u00e9xico para el Mundial?<\/h2>\n\n\n\n<p>El sitio especializados en art\u00edculos deportivos,<em>\u00a0Footy Headlines<\/em>, revel\u00f3 las fotograf\u00edas oficiales con las que la marca alemana pondr\u00e1 a la venta la playera de visitante de la\u00a0Selecci\u00f3n Mexicana,\u00a0<strong>con base en color blanco y tenues vivos en verde y en rojo<\/strong>, adem\u00e1s de un patr\u00f3n termosellado.<\/p>\n\n\n\n<p>Entre los detalles m\u00e1s importantes que se aprecian en la camiseta est\u00e1n la presencia del logo trefoil de adidas -como parte de la colecci\u00f3n originals-,&nbsp;<strong>el emblema de Somos M\u00e9xico en la parte superior de la espalda<\/strong>&nbsp;y el cuello en &#8216;V&#8217; apelando a la elegancia y sobriedad.<\/p>\n\n\n\n<p>Adem\u00e1s, ya se puede ver que el short ser\u00e1 de color verde con las tres rayas cl\u00e1sicas de adias en rojo (dos) y en blanco (una)&nbsp;<strong>y las calcetas ser\u00e1n blancas con vivos en verde y rojo<\/strong>, tal como sucede en la camiseta.<\/p>\n\n\n\n<h2 class=\"wp-block-heading\">\u00bfCu\u00e1ndo sale a la venta la playera de visitante de M\u00e9xico?<\/h2>\n\n\n\n<p>De acuerdo con la fuente anteriormente citada, adidas considera presentar la indumentaria el pr\u00f3ximo viernes 20 de marzo, ocho\u00a0d\u00edas antes del partido ante Portugal\u00a0(donde podr\u00edan estrenarla) y tambi\u00e9n previo al amistoso frente a B\u00e9lgica que se llevar\u00e1 a cabo en Estados Unidos.<\/p>\n<div class='share-to-whatsapp-wrapper'><div class='share-on-whsp'>Share on: <\/div><a data-text='Nueva camiseta de visitante de M\u00e9xico para el Mundial 2026 se muestra en im\u00e1genes filtradas' data-link='https:\/\/portaltactica.com\/?p=102738' class='whatsapp-button whatsapp-share'>WhatsApp<\/a><div class='clear '><\/div><\/div>","protected":false},"excerpt":{"rendered":"<p>La\u00a0Selecci\u00f3n Mexicana\u00a0prepara todo para la Copa del Mundo 2026, pero antes los espera la reinauguraci\u00f3n del Estadio Banorte en la pr\u00f3xima&hellip;<\/p>\n","protected":false},"author":2,"featured_media":102739,"comment_status":"closed","ping_status":"closed","sticky":false,"template":"","format":"standard","meta":{"advanced_seo_description":"","jetpack_seo_html_title":"","jetpack_seo_noindex":false,"_jetpack_memberships_contains_paid_content":false,"footnotes":"","jetpack_publicize_message":"","jetpack_publicize_feature_enabled":true,"jetpack_social_post_already_shared":true,"jetpack_social_options":{"image_generator_settings":{"template":"highway","default_image_id":0,"font":"","enabled":false},"version":2}},"categories":[1897],"tags":[],"class_list":["post-102738","post","type-post","status-publish","format-standard","has-post-thumbnail","hentry","category-destacado-nacional"],"jetpack_publicize_connections":[],"jetpack_featured_media_url":"https:\/\/portaltactica.com\/wp-content\/uploads\/2026\/03\/3.jpeg","jetpack_sharing_enabled":true,"_links":{"self":[{"href":"https:\/\/portaltactica.com\/index.php?rest_route=\/wp\/v2\/posts\/102738","targetHints":{"allow":["GET"]}}],"collection":[{"href":"https:\/\/portaltactica.com\/index.php?rest_route=\/wp\/v2\/posts"}],"about":[{"href":"https:\/\/portaltactica.com\/index.php?rest_route=\/wp\/v2\/types\/post"}],"author":[{"embeddable":true,"href":"https:\/\/portaltactica.com\/index.php?rest_route=\/wp\/v2\/users\/2"}],"replies":[{"embeddable":true,"href":"https:\/\/portaltactica.com\/index.php?rest_route=%2Fwp%2Fv2%2Fcomments&post=102738"}],"version-history":[{"count":1,"href":"https:\/\/portaltactica.com\/index.php?rest_route=\/wp\/v2\/posts\/102738\/revisions"}],"predecessor-version":[{"id":102740,"href":"https:\/\/portaltactica.com\/index.php?rest_route=\/wp\/v2\/posts\/102738\/revisions\/102740"}],"wp:featuredmedia":[{"embeddable":true,"href":"https:\/\/portaltactica.com\/index.php?rest_route=\/wp\/v2\/media\/102739"}],"wp:attachment":[{"href":"https:\/\/portaltactica.com\/index.php?rest_route=%2Fwp%2Fv2%2Fmedia&parent=102738"}],"wp:term":[{"taxonomy":"category","embeddable":true,"href":"https:\/\/portaltactica.com\/index.php?rest_route=%2Fwp%2Fv2%2Fcategories&post=102738"},{"taxonomy":"post_tag","embeddable":true,"href":"https:\/\/portaltactica.com\/index.php?rest_route=%2Fwp%2Fv2%2Ftags&post=102738"}],"curies":[{"name":"wp","href":"https:\/\/api.w.org\/{rel}","templated":true}]}}