{"id":102732,"date":"2026-03-06T13:33:22","date_gmt":"2026-03-06T20:33:22","guid":{"rendered":"https:\/\/portaltactica.com\/?p=102732"},"modified":"2026-03-06T13:33:30","modified_gmt":"2026-03-06T20:33:30","slug":"real-madrid-bajo-amenaza-de-uefa-clausura-temporal-del-santiago-bernabeu-por-racismo","status":"publish","type":"post","link":"https:\/\/portaltactica.com\/?p=102732","title":{"rendered":"Real Madrid bajo amenaza de UEFA: clausura temporal del Santiago Bernab\u00e9u por racismo"},"content":{"rendered":"\n<p>La pol\u00e9mica con el racismo no se detiene y ahora involucra directamente al Real Madrid, pues tras el partido ante Benfica en los Play Offs de UEFA Champions League, un aficionado madridista fue captado por c\u00e1maras en la previa del encuentro realizando en saludo nazi.<\/p>\n\n\n\n<p>El aficionado fue inmediatamente identificado y retirado del estadio antes de que arrancara el encuentro por lo que la situaci\u00f3n no escal\u00f3 en ese momento. A\u00fan con todo esto, unos d\u00edas despu\u00e9s la UEFA amenaz\u00f3 al Real Madrid con suspender temporalmente el acceso al estadio por esta acci\u00f3n.<\/p>\n\n\n\n<p>A trav\u00e9s del Comit\u00e9 de Control, \u00c9tica y Disciplina de la UEFA, el club merengue fue comunicado de las consecuencias que sufrir\u00eda si es que volviese al presentarse un acto racista en las gradas o en el terreno de juego.<\/p>\n\n\n\n<h2 class=\"wp-block-heading\">\u00bfCu\u00e1l fue la sanci\u00f3n que UEFA le impuso al Real Madrid?<\/h2>\n\n\n\n<p>Con todo y las sanciones menciondas, la UEFA impuso una multa de 15 mil euros al club merengue. Real Madrid tambi\u00e9n expres\u00f3 por medio de un comunicado su postura y condenando todo acto de racismo y discriminaci\u00f3n en el futbol.<\/p>\n\n\n\n<p>Dichos acontemientos se dieron luego de que en otra grada aficionados madridista extendieron un pancarta de No Racismo en apoyo a Vinicius Jr. por caso con Gianluca Prestianni.<\/p>\n\n\n\n<blockquote class=\"wp-block-quote is-layout-flow wp-block-quote-is-layout-flow\">\n<p>El Real Madrid condena este tipo de gestos&nbsp;y de expresiones que incitan&nbsp;a la violencia y al odio en el deporte y en la sociedad<\/p>\n<\/blockquote>\n<div class='share-to-whatsapp-wrapper'><div class='share-on-whsp'>Share on: <\/div><a data-text='Real Madrid bajo amenaza de UEFA: clausura temporal del Santiago Bernab\u00e9u por racismo' data-link='https:\/\/portaltactica.com\/?p=102732' class='whatsapp-button whatsapp-share'>WhatsApp<\/a><div class='clear '><\/div><\/div>","protected":false},"excerpt":{"rendered":"<p>La pol\u00e9mica con el racismo no se detiene y ahora involucra directamente al Real Madrid, pues tras el partido ante Benfica&hellip;<\/p>\n","protected":false},"author":2,"featured_media":102733,"comment_status":"closed","ping_status":"closed","sticky":false,"template":"","format":"standard","meta":{"advanced_seo_description":"","jetpack_seo_html_title":"","jetpack_seo_noindex":false,"_jetpack_memberships_contains_paid_content":false,"footnotes":"","jetpack_publicize_message":"","jetpack_publicize_feature_enabled":true,"jetpack_social_post_already_shared":true,"jetpack_social_options":{"image_generator_settings":{"template":"highway","default_image_id":0,"font":"","enabled":false},"version":2}},"categories":[1896],"tags":[],"class_list":["post-102732","post","type-post","status-publish","format-standard","has-post-thumbnail","hentry","category-destacado-portada"],"jetpack_publicize_connections":[],"jetpack_featured_media_url":"https:\/\/portaltactica.com\/wp-content\/uploads\/2026\/03\/1-3.png","jetpack_sharing_enabled":true,"_links":{"self":[{"href":"https:\/\/portaltactica.com\/index.php?rest_route=\/wp\/v2\/posts\/102732","targetHints":{"allow":["GET"]}}],"collection":[{"href":"https:\/\/portaltactica.com\/index.php?rest_route=\/wp\/v2\/posts"}],"about":[{"href":"https:\/\/portaltactica.com\/index.php?rest_route=\/wp\/v2\/types\/post"}],"author":[{"embeddable":true,"href":"https:\/\/portaltactica.com\/index.php?rest_route=\/wp\/v2\/users\/2"}],"replies":[{"embeddable":true,"href":"https:\/\/portaltactica.com\/index.php?rest_route=%2Fwp%2Fv2%2Fcomments&post=102732"}],"version-history":[{"count":1,"href":"https:\/\/portaltactica.com\/index.php?rest_route=\/wp\/v2\/posts\/102732\/revisions"}],"predecessor-version":[{"id":102734,"href":"https:\/\/portaltactica.com\/index.php?rest_route=\/wp\/v2\/posts\/102732\/revisions\/102734"}],"wp:featuredmedia":[{"embeddable":true,"href":"https:\/\/portaltactica.com\/index.php?rest_route=\/wp\/v2\/media\/102733"}],"wp:attachment":[{"href":"https:\/\/portaltactica.com\/index.php?rest_route=%2Fwp%2Fv2%2Fmedia&parent=102732"}],"wp:term":[{"taxonomy":"category","embeddable":true,"href":"https:\/\/portaltactica.com\/index.php?rest_route=%2Fwp%2Fv2%2Fcategories&post=102732"},{"taxonomy":"post_tag","embeddable":true,"href":"https:\/\/portaltactica.com\/index.php?rest_route=%2Fwp%2Fv2%2Ftags&post=102732"}],"curies":[{"name":"wp","href":"https:\/\/api.w.org\/{rel}","templated":true}]}}