{"id":102727,"date":"2026-03-05T14:48:31","date_gmt":"2026-03-05T21:48:31","guid":{"rendered":"https:\/\/portaltactica.com\/?p=102727"},"modified":"2026-03-05T14:48:31","modified_gmt":"2026-03-05T21:48:31","slug":"comienza-zapari-su-ano-boxistico-con-casta-de-campeon-este-sabado-en-la-german-evers","status":"publish","type":"post","link":"https:\/\/portaltactica.com\/?p=102727","title":{"rendered":"Comienza Z\u00e1pari su a\u00f1o box\u00edstico con &#8216;Casta de Campe\u00f3n&#8217;, este s\u00e1bado, en la Germ\u00e1n Evers"},"content":{"rendered":"\n<p>La promotora busca realizar seis carteleras a lo largo de 2026, con gran participaci\u00f3n de prospectos mazatlecos en el boxeo, a la par de la consolidaci\u00f3n de sus estrellas juveniles.<\/p>\n\n\n\n<p>Mazatl\u00e1n, Sinaloa a 5 de marzo de 2026.- Las carteleras m\u00e1s intensas de la promotora Z\u00e1pari Boxing volver\u00e1n con la funci\u00f3n &#8220;Casta de Campe\u00f3n&#8221;, que se realizar\u00e1 este s\u00e1bado 7 de marzo, en la cancha Germ\u00e1n Evers, con todo el apoyo del Gobierno de Mazatl\u00e1n, encabezado por la Presidenta Municipal, Estrella Palacios Dom\u00ednguez.<\/p>\n\n\n\n<p>En la \u00faltima rueda de prensa del evento, el promotor Jes\u00fas Z\u00e1pari present\u00f3 todos los detalles de la funci\u00f3n que inicia a las 19:30 horas, acompa\u00f1ado del director del Instituto Municipal del Deporte Mazatl\u00e1n, Ezequiel Antonio Mora Bracamontes, as\u00ed como por los boxeadores que ser\u00e1n los protagonistas de las peleas.<\/p>\n\n\n\n<p>&#8220;Z\u00e1pari lleva m\u00e1s de 30 a\u00f1os en la promoci\u00f3n del boxeo y es un \u00edcono ac\u00e1 en Mazatl\u00e1n y en todo el pa\u00eds, abriendo espacios muy importantes para nuestros deportistas que toman el camino del profesionalismo, a nombre de nuestra Presidenta, Estrella Palacios, queremos desearle el mayor de los \u00e9xitos y nuestro apoyo en la promoci\u00f3n del deporte&#8221;, expres\u00f3 Mora Bracamontes.<\/p>\n\n\n\n<p>Adem\u00e1s de una nueva estelar para el cinco veces campe\u00f3n nacional y campe\u00f3n mundial amateur, &#8220;Chinito&#8221; Amaro, destaca el encontronazo entre los mazatlecos Joel &#8220;Shorty&#8221; \u00c1vila y Jes\u00fas Manuel Rodr\u00edguez.<\/p>\n\n\n\n<p>CARTELERA COMPLETA<\/p>\n\n\n\n<p>Pelea Estelar en peso s\u00faper ligero a 8 rounds<br \/>Jos\u00e9 &#8220;Chinito&#8221; Amaro vs.<br \/>Miguel Pedraza<\/p>\n\n\n\n<p>Pelea Semifinal en peso s\u00faper ligero a 6 rounds<br \/>Alan &#8220;Soldado&#8221; Contreras vs.<br \/>Luis Armenta<\/p>\n\n\n\n<p>Evento Especial en 52 kilogramos a 4 rounds<br \/>Joel &#8220;Shorty&#8221; \u00c1vila vs.<br \/>Jes\u00fas Manuel Rodr\u00edguez<\/p>\n\n\n\n<p>Pelea peso gallo a 4 rounds<br \/>Pablo Flores vs.<br \/>Jos\u00e9 Rodr\u00edguez<\/p>\n\n\n\n<p>Pelea peso s\u00faper pluma a 4 rounds<br \/>Camilo Quiroz vs.<br \/>Isaac Lara<\/p>\n\n\n\n<p>Pelea peso s\u00faper welter a 8 rounds<br \/>Mart\u00edn Salda\u00f1a vs.<br \/>Brandon Rosales<\/p>\n\n\n\n<p>Pelea inicial peso s\u00faper pluma a 4 rounds<br \/>Nicol\u00e1s Robledo vs. Jes\u00fas Omar Cinco<\/p>\n\n\n\n<p>Adem\u00e1s de dos peleas amateurs<\/p>\n<div class='share-to-whatsapp-wrapper'><div class='share-on-whsp'>Share on: <\/div><a data-text='Comienza Z\u00e1pari su a\u00f1o box\u00edstico con 'Casta de Campe\u00f3n', este s\u00e1bado, en la Germ\u00e1n Evers' data-link='https:\/\/portaltactica.com\/?p=102727' class='whatsapp-button whatsapp-share'>WhatsApp<\/a><div class='clear '><\/div><\/div>","protected":false},"excerpt":{"rendered":"<p>La promotora busca realizar seis carteleras a lo largo de 2026, con gran participaci\u00f3n de prospectos mazatlecos en el boxeo, a&hellip;<\/p>\n","protected":false},"author":1,"featured_media":102726,"comment_status":"","ping_status":"","sticky":false,"template":"","format":"standard","meta":{"advanced_seo_description":"","jetpack_seo_html_title":"","jetpack_seo_noindex":false,"_jetpack_memberships_contains_paid_content":false,"footnotes":"","jetpack_publicize_message":"Comienza Z\u00e1pari su a\u00f1o box\u00edstico con 'Casta de Campe\u00f3n', este s\u00e1bado, en la Germ\u00e1n Evers","jetpack_publicize_feature_enabled":true,"jetpack_social_post_already_shared":true,"jetpack_social_options":{"image_generator_settings":{"template":"highway","default_image_id":0,"font":"","enabled":false},"version":2}},"categories":[1899],"tags":[37],"class_list":["post-102727","post","type-post","status-publish","format-standard","has-post-thumbnail","hentry","category-destacado-mazatlan","tag-imdem"],"jetpack_publicize_connections":[],"jetpack_featured_media_url":"https:\/\/portaltactica.com\/wp-content\/uploads\/2026\/03\/img_2829.jpg","jetpack_sharing_enabled":true,"_links":{"self":[{"href":"https:\/\/portaltactica.com\/index.php?rest_route=\/wp\/v2\/posts\/102727","targetHints":{"allow":["GET"]}}],"collection":[{"href":"https:\/\/portaltactica.com\/index.php?rest_route=\/wp\/v2\/posts"}],"about":[{"href":"https:\/\/portaltactica.com\/index.php?rest_route=\/wp\/v2\/types\/post"}],"author":[{"embeddable":true,"href":"https:\/\/portaltactica.com\/index.php?rest_route=\/wp\/v2\/users\/1"}],"replies":[{"embeddable":true,"href":"https:\/\/portaltactica.com\/index.php?rest_route=%2Fwp%2Fv2%2Fcomments&post=102727"}],"version-history":[{"count":0,"href":"https:\/\/portaltactica.com\/index.php?rest_route=\/wp\/v2\/posts\/102727\/revisions"}],"wp:featuredmedia":[{"embeddable":true,"href":"https:\/\/portaltactica.com\/index.php?rest_route=\/wp\/v2\/media\/102726"}],"wp:attachment":[{"href":"https:\/\/portaltactica.com\/index.php?rest_route=%2Fwp%2Fv2%2Fmedia&parent=102727"}],"wp:term":[{"taxonomy":"category","embeddable":true,"href":"https:\/\/portaltactica.com\/index.php?rest_route=%2Fwp%2Fv2%2Fcategories&post=102727"},{"taxonomy":"post_tag","embeddable":true,"href":"https:\/\/portaltactica.com\/index.php?rest_route=%2Fwp%2Fv2%2Ftags&post=102727"}],"curies":[{"name":"wp","href":"https:\/\/api.w.org\/{rel}","templated":true}]}}