{"id":102719,"date":"2026-03-05T14:18:07","date_gmt":"2026-03-05T21:18:07","guid":{"rendered":"https:\/\/portaltactica.com\/?p=102719"},"modified":"2026-03-05T14:18:09","modified_gmt":"2026-03-05T21:18:09","slug":"victor-davila-no-jugara-lo-que-resta-del-torneo-debido-a-una-lesion","status":"publish","type":"post","link":"https:\/\/portaltactica.com\/?p=102719","title":{"rendered":"V\u00edctor D\u00e1vila no jugar\u00e1 lo que resta del torneo debido a una lesi\u00f3n"},"content":{"rendered":"\n<p>El delantero chileno,<strong>\u00a0V\u00edctor D\u00e1vila<\/strong>,\u00a0sufri\u00f3 una grave lesi\u00f3n en la rodilla derecha durante el partido entre<strong>\u00a0Am\u00e9rica y Ju\u00e1rez<\/strong>\u00a0dentro de la\u00a0Jornada 9 del Clausura 2026, misma que hoy lo dejar\u00e1 fuera de actividad por hasta ocho meses.<\/p>\n\n\n\n<p>Luego de los estudios que se le realizaron al andino los resultados descifraron una&nbsp;<strong>rotura de ligamento cruzado<\/strong>, por lo que ya no podr\u00e1 tener actividad por lo que resta del certamen y gran parte del pr\u00f3ximo&nbsp;<strong>Apertura 2026<\/strong>.<\/p>\n\n\n\n<p>Desde el t\u00e9rmino del partido\u00a0el panorama no era nada alentador, pues\u00a0<strong>se fue en una ambulancia a un hospital<\/strong>\u00a0y el t\u00e9cnico de las \u00c1guilas ya present\u00eda que pod\u00eda ser una\u00a0<strong>lesi\u00f3n de gravedad<\/strong>.<\/p>\n\n\n\n<p>El problema de D\u00e1vila&nbsp;<strong>se dio a los 36 minutos&nbsp;<\/strong>de partido cuando intent\u00f3 controlar n bal\u00f3n dentro del \u00e1rea y la pierna derecha se le ator\u00f3 en el c\u00e9sped y ah\u00ed fue donde sinti\u00f3 la lesi\u00f3n y&nbsp;<strong>el grito que dio fue alarmante<\/strong>.<\/p>\n\n\n\n<h2 class=\"wp-block-heading\">Ya no lo pueden suplir<\/h2>\n\n\n\n<p>Si bien es una lesi\u00f3n por la que se perder\u00e1 el resto del torneo, el Am\u00e9rica no podr\u00e1 suplir su ausencia con otro jugador, pues el mercado de transferencias en<strong>&nbsp;la Liga MX<\/strong>&nbsp;est\u00e1 cerrado.<\/p>\n\n\n\n<p>D\u00e1vila estaba supliendo la baja de\u00a0Henry Mart\u00edn\u00a0como centro delantero y ahora la plantilla azulcrema ante la lesi\u00f3n de estos dos solo tendr\u00e1 en esa posici\u00f3n a la\u00a0<strong>Pantera Z\u00fa\u00f1iga y a Patricio Salas<\/strong>.<\/p>\n<div class='share-to-whatsapp-wrapper'><div class='share-on-whsp'>Share on: <\/div><a data-text='V\u00edctor D\u00e1vila no jugar\u00e1 lo que resta del torneo debido a una lesi\u00f3n' data-link='https:\/\/portaltactica.com\/?p=102719' class='whatsapp-button whatsapp-share'>WhatsApp<\/a><div class='clear '><\/div><\/div>","protected":false},"excerpt":{"rendered":"<p>El delantero chileno,\u00a0V\u00edctor D\u00e1vila,\u00a0sufri\u00f3 una grave lesi\u00f3n en la rodilla derecha durante el partido entre\u00a0Am\u00e9rica y Ju\u00e1rez\u00a0dentro de la\u00a0Jornada 9 del&hellip;<\/p>\n","protected":false},"author":2,"featured_media":102720,"comment_status":"closed","ping_status":"closed","sticky":false,"template":"","format":"standard","meta":{"advanced_seo_description":"","jetpack_seo_html_title":"","jetpack_seo_noindex":false,"_jetpack_memberships_contains_paid_content":false,"footnotes":"","jetpack_publicize_message":"","jetpack_publicize_feature_enabled":true,"jetpack_social_post_already_shared":true,"jetpack_social_options":{"image_generator_settings":{"template":"highway","default_image_id":0,"font":"","enabled":false},"version":2}},"categories":[1897],"tags":[],"class_list":["post-102719","post","type-post","status-publish","format-standard","has-post-thumbnail","hentry","category-destacado-nacional"],"jetpack_publicize_connections":[],"jetpack_featured_media_url":"https:\/\/portaltactica.com\/wp-content\/uploads\/2026\/03\/4-2.png","jetpack_sharing_enabled":true,"_links":{"self":[{"href":"https:\/\/portaltactica.com\/index.php?rest_route=\/wp\/v2\/posts\/102719","targetHints":{"allow":["GET"]}}],"collection":[{"href":"https:\/\/portaltactica.com\/index.php?rest_route=\/wp\/v2\/posts"}],"about":[{"href":"https:\/\/portaltactica.com\/index.php?rest_route=\/wp\/v2\/types\/post"}],"author":[{"embeddable":true,"href":"https:\/\/portaltactica.com\/index.php?rest_route=\/wp\/v2\/users\/2"}],"replies":[{"embeddable":true,"href":"https:\/\/portaltactica.com\/index.php?rest_route=%2Fwp%2Fv2%2Fcomments&post=102719"}],"version-history":[{"count":1,"href":"https:\/\/portaltactica.com\/index.php?rest_route=\/wp\/v2\/posts\/102719\/revisions"}],"predecessor-version":[{"id":102721,"href":"https:\/\/portaltactica.com\/index.php?rest_route=\/wp\/v2\/posts\/102719\/revisions\/102721"}],"wp:featuredmedia":[{"embeddable":true,"href":"https:\/\/portaltactica.com\/index.php?rest_route=\/wp\/v2\/media\/102720"}],"wp:attachment":[{"href":"https:\/\/portaltactica.com\/index.php?rest_route=%2Fwp%2Fv2%2Fmedia&parent=102719"}],"wp:term":[{"taxonomy":"category","embeddable":true,"href":"https:\/\/portaltactica.com\/index.php?rest_route=%2Fwp%2Fv2%2Fcategories&post=102719"},{"taxonomy":"post_tag","embeddable":true,"href":"https:\/\/portaltactica.com\/index.php?rest_route=%2Fwp%2Fv2%2Ftags&post=102719"}],"curies":[{"name":"wp","href":"https:\/\/api.w.org\/{rel}","templated":true}]}}