{"id":102716,"date":"2026-03-05T14:13:45","date_gmt":"2026-03-05T21:13:45","guid":{"rendered":"https:\/\/portaltactica.com\/?p=102716"},"modified":"2026-03-05T14:13:47","modified_gmt":"2026-03-05T21:13:47","slug":"bale-se-confiesa-y-habla-del-real-madrid-nunca-quise-el-circo-que-lo-rodea","status":"publish","type":"post","link":"https:\/\/portaltactica.com\/?p=102716","title":{"rendered":"Bale se confiesa y habla del Real Madrid: &#8220;Nunca quise el circo que lo rodea&#8221;"},"content":{"rendered":"\n<p><strong>Gareth Bale<\/strong>, exfutbolista del&nbsp;<strong>Real Madrid<\/strong>, desvel\u00f3 que nunca se sinti\u00f3 atra\u00eddo por el &#8220;circo&#8221; que rodea al club blanco y que \u00e9l&nbsp;<strong>solo quer\u00eda jugar al futbol e irse a casa<\/strong>, adem\u00e1s de admitir que muchas veces se sinti\u00f3 como el objetivo de la prensa y de los aficionados.<\/p>\n\n\n\n<p>El gal\u00e9s, ya retirado, habl\u00f3 sobre\u00a0su etapa en el Real Madrid\u00a0en el podcast &#8220;The Overlap&#8221; junto a Gary Neville.<\/p>\n\n\n\n<p>&#8220;<strong>Muchos jugadores van al Real Madrid y quieren ese glamour<\/strong>, pero yo nunca fui as\u00ed. Yo solo quer\u00eda jugar al f\u00fatbol e irme a casa. No quer\u00eda estar dando entrevistas todo el tiempo, a veces ten\u00eda que hacerlo, pero nunca quise el circo que rodea al Real Madrid.\u00a0<strong>Quer\u00eda jugar al futbol, irme a mi casa y estar con mi familia<\/strong>.<\/p>\n\n\n\n<p>&#8220;<strong>Creo que eso no era suficiente para el Real Madrid y para los aficionados<\/strong>. Ellos quer\u00edan conocerte, conocer tu personalidad. Pero ese no era yo, yo era muy cabezota y no quer\u00eda cambiar. Si hubiera jugado a ese juego mejor, probablemente no hubiera sido tanto el objetivo de la prensa y los aficionados&#8221;, agreg\u00f3.<\/p>\n\n\n\n<p>Durante la charla, Bale admiti\u00f3 que s\u00ed sinti\u00f3 que&nbsp;<strong>muchas veces se le critic\u00f3 en exceso<\/strong>&nbsp;y puso de ejemplo una vez que se fue de un partido que estaba viendo desde la grada antes de tiempo.<\/p>\n\n\n\n<blockquote class=\"wp-block-quote is-layout-flow wp-block-quote-is-layout-flow\">\n<p>&#8220;Nos dejaban irnos diez minutos antes de que acabara el partido si est\u00e1bamos lesionados o suspendidos. Yo siempre me iba en el 82 para no pillar mucho tr\u00e1fico, pero como perdimos,<strong>&nbsp;hab\u00eda una foto m\u00eda en los peri\u00f3dicos, diciendo que me hab\u00eda ido antes de tiempo<\/strong>. Y yo era como &#8220;me he ido como el resto&#8221;, pero era el objetivo&#8221;.<\/p>\n<\/blockquote>\n\n\n\n<p>Bale\u00a0estuvo en el Real Madrid entre 2013 y 2022, gan\u00f3 tres ligas espa\u00f1olas y cinco Champions League, marcando en la final de dos de ellas, y disput\u00f3 m\u00e1s de 250 partidos con la camiseta blanca.<\/p>\n\n\n\n<p><\/p>\n<div class='share-to-whatsapp-wrapper'><div class='share-on-whsp'>Share on: <\/div><a data-text='Bale se confiesa y habla del Real Madrid: \"Nunca quise el circo que lo rodea\"' data-link='https:\/\/portaltactica.com\/?p=102716' class='whatsapp-button whatsapp-share'>WhatsApp<\/a><div class='clear '><\/div><\/div>","protected":false},"excerpt":{"rendered":"<p>Gareth Bale, exfutbolista del&nbsp;Real Madrid, desvel\u00f3 que nunca se sinti\u00f3 atra\u00eddo por el &#8220;circo&#8221; que rodea al club blanco y que&hellip;<\/p>\n","protected":false},"author":2,"featured_media":102717,"comment_status":"closed","ping_status":"closed","sticky":false,"template":"","format":"standard","meta":{"advanced_seo_description":"","jetpack_seo_html_title":"","jetpack_seo_noindex":false,"_jetpack_memberships_contains_paid_content":false,"footnotes":"","jetpack_publicize_message":"","jetpack_publicize_feature_enabled":true,"jetpack_social_post_already_shared":true,"jetpack_social_options":{"image_generator_settings":{"template":"highway","default_image_id":0,"font":"","enabled":false},"version":2}},"categories":[1898],"tags":[],"class_list":["post-102716","post","type-post","status-publish","format-standard","has-post-thumbnail","hentry","category-destacado-internacional"],"jetpack_publicize_connections":[],"jetpack_featured_media_url":"https:\/\/portaltactica.com\/wp-content\/uploads\/2026\/03\/3.jpg","jetpack_sharing_enabled":true,"_links":{"self":[{"href":"https:\/\/portaltactica.com\/index.php?rest_route=\/wp\/v2\/posts\/102716","targetHints":{"allow":["GET"]}}],"collection":[{"href":"https:\/\/portaltactica.com\/index.php?rest_route=\/wp\/v2\/posts"}],"about":[{"href":"https:\/\/portaltactica.com\/index.php?rest_route=\/wp\/v2\/types\/post"}],"author":[{"embeddable":true,"href":"https:\/\/portaltactica.com\/index.php?rest_route=\/wp\/v2\/users\/2"}],"replies":[{"embeddable":true,"href":"https:\/\/portaltactica.com\/index.php?rest_route=%2Fwp%2Fv2%2Fcomments&post=102716"}],"version-history":[{"count":1,"href":"https:\/\/portaltactica.com\/index.php?rest_route=\/wp\/v2\/posts\/102716\/revisions"}],"predecessor-version":[{"id":102718,"href":"https:\/\/portaltactica.com\/index.php?rest_route=\/wp\/v2\/posts\/102716\/revisions\/102718"}],"wp:featuredmedia":[{"embeddable":true,"href":"https:\/\/portaltactica.com\/index.php?rest_route=\/wp\/v2\/media\/102717"}],"wp:attachment":[{"href":"https:\/\/portaltactica.com\/index.php?rest_route=%2Fwp%2Fv2%2Fmedia&parent=102716"}],"wp:term":[{"taxonomy":"category","embeddable":true,"href":"https:\/\/portaltactica.com\/index.php?rest_route=%2Fwp%2Fv2%2Fcategories&post=102716"},{"taxonomy":"post_tag","embeddable":true,"href":"https:\/\/portaltactica.com\/index.php?rest_route=%2Fwp%2Fv2%2Ftags&post=102716"}],"curies":[{"name":"wp","href":"https:\/\/api.w.org\/{rel}","templated":true}]}}