{"id":102701,"date":"2026-03-04T15:03:41","date_gmt":"2026-03-04T22:03:41","guid":{"rendered":"https:\/\/portaltactica.com\/?p=102701"},"modified":"2026-03-04T15:04:13","modified_gmt":"2026-03-04T22:04:13","slug":"efrain-juarez-insto-a-la-directiva-de-pumas-a-renovar-a-keylor-navas","status":"publish","type":"post","link":"https:\/\/portaltactica.com\/?p=102701","title":{"rendered":"Efra\u00edn Ju\u00e1rez inst\u00f3 a la directiva de Pumas a renovar a Keylor Navas"},"content":{"rendered":"\n<p><strong>Pumas<\/strong>\u00a0perdi\u00f3 el invicto, pero lo hizo de manera digna al hacer sufrir al\u00a0<strong>Bicampe\u00f3n del\u00a0futbol mexicano<\/strong>, que en este torneo sue\u00f1a con el tercer trofeo en fila y que ha demostrado que tiene la calidad para conseguirlo.\u00a0<strong>Efra\u00edn Ju\u00e1rez<\/strong>\u00a0valor\u00f3 el esfuerzo de sus jugadores ante\u00a0<strong>Toluca<\/strong>\u00a0y adem\u00e1s dio detalles sobre la renovaci\u00f3n de\u00a0<strong>Keylor Navas<\/strong>, pieza fundamental de su equipo.<\/p>\n\n\n\n<h2 class=\"wp-block-heading\">\u00bfQu\u00e9 dijo Efra\u00edn Ju\u00e1rez sobre Keylor Navas?<\/h2>\n\n\n\n<p>El arquero costarricense termina su contrato el pr\u00f3ximo verano, pero ya ha manifestado su deseo de quedarse en&nbsp;<strong>Universidad Nacional<\/strong>. El entrenador del conjunto auriazul dej\u00f3 entrever que lo quiere retener, pero no todo depende de \u00e9l.<\/p>\n\n\n\n<blockquote class=\"wp-block-quote is-layout-flow wp-block-quote-is-layout-flow\">\n<p>\u00c9l sabe perfectamente lo que quiero. Se lo he hecho sentir y se lo he dicho desde el momento en que nos sentamos, ya hace algunos meses. \u00c9l sabe perfectamente, mi directiva sabe perfectamente lo que pretendo, y obviamente hay cosas que no son decisiones m\u00edas.<\/p>\n<\/blockquote>\n\n\n\n<blockquote class=\"wp-block-quote is-layout-flow wp-block-quote-is-layout-flow\">\n<p>Keylor es capit\u00e1n por mi decisi\u00f3n. Nos aporta much\u00edsimo al equipo, tanto dentro como fuera de la cancha. Tambi\u00e9n los est\u00e1ndares a los que \u00e9l est\u00e1 acostumbrado, hacia los que todos queremos llegar, los representa perfectamente. La directiva tiene muy claro lo que quiero, igual que el propio jugador, y no es una decisi\u00f3n de hace una semana; hace ya un tiempo que lo propuse y estamos esperando. Ya son cosas que no me corresponden a m\u00ed, explic\u00f3 Ju\u00e1rez.&nbsp;<\/p>\n<\/blockquote>\n\n\n\n<h2 class=\"wp-block-heading\">Reflexiones de Ju\u00e1rez tras un a\u00f1o en Pumas<\/h2>\n\n\n\n<p><strong>Efra\u00edn Ju\u00e1rez<\/strong>&nbsp;cumpli\u00f3 un a\u00f1o como entrenador de&nbsp;<strong>Pumas&nbsp;<\/strong>el pasado 2 de marzo; tras la derrota ante&nbsp;<strong>Toluca<\/strong>, expres\u00f3 su alegr\u00eda por los resultados que hasta ahora ha entregado y la evoluci\u00f3n que&nbsp;<strong>Universidad Nacional<\/strong>&nbsp;ha presentado desde su llegada.<\/p>\n\n\n\n<blockquote class=\"wp-block-quote is-layout-flow wp-block-quote-is-layout-flow\">\n<p>Llegu\u00e9 al equipo y not\u00e9 una falta de conexi\u00f3n con la afici\u00f3n y de identidad. El equipo estaba en un momento complicado en cuanto a resultados y \u00e1nimo. Me preocupaba c\u00f3mo cambiar esa situaci\u00f3n. Ahora la sensaci\u00f3n es diferente; el estadio est\u00e1 integrado con nosotros m\u00e1s all\u00e1 del resultado, y el equipo tiene ideas futbol\u00edsticas claras, entreg\u00e1ndose hasta el \u00faltimo minuto, con identidad y jugadores comprometidos con la camiseta y conscientes de lo que representan.&nbsp;<\/p>\n<\/blockquote>\n\n\n\n<blockquote class=\"wp-block-quote is-layout-flow wp-block-quote-is-layout-flow\">\n<p>Ha sido un a\u00f1o de mucho aprendizaje, con momentos complicados y algunos positivos. El equipo sigue evolucionando y encontrando su mejor versi\u00f3n, aunque a\u00fan no son muchos los momentos buenos, se\u00f1al\u00f3 Ju\u00e1rez.<\/p>\n<\/blockquote>\n\n\n\n<h2 class=\"wp-block-heading\"><br>Ju\u00e1rez nunca ser\u00e1 defensivo&nbsp;<\/h2>\n\n\n\n<p>Por \u00faltimo,&nbsp;<strong>Ju\u00e1rez&nbsp;<\/strong>extern\u00f3 su filosof\u00eda en cuesti\u00f3n del estilo de juego de&nbsp;<strong>Pumas<\/strong>: para \u00e9l, es mejor sentirse frustrado por perder, pero despu\u00e9s de arriesgar, que defenderse con el empate.&nbsp;<\/p>\n\n\n\n<blockquote class=\"wp-block-quote is-layout-flow wp-block-quote-is-layout-flow\">\n<p>Todas las derrotas duelen. Aqu\u00ed no se festeja jugar bien, se festeja cuando se gana. El partido pudo terminar 2-2, pude haberme echado para atr\u00e1s y conformarme con un punto, pero no juego a no perder, sentenci\u00f3 Ju\u00e1rez.<\/p>\n<\/blockquote>\n<div class='share-to-whatsapp-wrapper'><div class='share-on-whsp'>Share on: <\/div><a data-text='Efra\u00edn Ju\u00e1rez inst\u00f3 a la directiva de Pumas a renovar a Keylor Navas' data-link='https:\/\/portaltactica.com\/?p=102701' class='whatsapp-button whatsapp-share'>WhatsApp<\/a><div class='clear '><\/div><\/div>","protected":false},"excerpt":{"rendered":"<p>Pumas\u00a0perdi\u00f3 el invicto, pero lo hizo de manera digna al hacer sufrir al\u00a0Bicampe\u00f3n del\u00a0futbol mexicano, que en este torneo sue\u00f1a con&hellip;<\/p>\n","protected":false},"author":2,"featured_media":102702,"comment_status":"closed","ping_status":"closed","sticky":false,"template":"","format":"standard","meta":{"advanced_seo_description":"","jetpack_seo_html_title":"","jetpack_seo_noindex":false,"_jetpack_memberships_contains_paid_content":false,"footnotes":"","jetpack_publicize_message":"","jetpack_publicize_feature_enabled":true,"jetpack_social_post_already_shared":true,"jetpack_social_options":{"image_generator_settings":{"template":"highway","default_image_id":0,"font":"","enabled":false},"version":2}},"categories":[1897],"tags":[],"class_list":["post-102701","post","type-post","status-publish","format-standard","has-post-thumbnail","hentry","category-destacado-nacional"],"jetpack_publicize_connections":[],"jetpack_featured_media_url":"https:\/\/portaltactica.com\/wp-content\/uploads\/2026\/03\/8.png","jetpack_sharing_enabled":true,"_links":{"self":[{"href":"https:\/\/portaltactica.com\/index.php?rest_route=\/wp\/v2\/posts\/102701","targetHints":{"allow":["GET"]}}],"collection":[{"href":"https:\/\/portaltactica.com\/index.php?rest_route=\/wp\/v2\/posts"}],"about":[{"href":"https:\/\/portaltactica.com\/index.php?rest_route=\/wp\/v2\/types\/post"}],"author":[{"embeddable":true,"href":"https:\/\/portaltactica.com\/index.php?rest_route=\/wp\/v2\/users\/2"}],"replies":[{"embeddable":true,"href":"https:\/\/portaltactica.com\/index.php?rest_route=%2Fwp%2Fv2%2Fcomments&post=102701"}],"version-history":[{"count":1,"href":"https:\/\/portaltactica.com\/index.php?rest_route=\/wp\/v2\/posts\/102701\/revisions"}],"predecessor-version":[{"id":102703,"href":"https:\/\/portaltactica.com\/index.php?rest_route=\/wp\/v2\/posts\/102701\/revisions\/102703"}],"wp:featuredmedia":[{"embeddable":true,"href":"https:\/\/portaltactica.com\/index.php?rest_route=\/wp\/v2\/media\/102702"}],"wp:attachment":[{"href":"https:\/\/portaltactica.com\/index.php?rest_route=%2Fwp%2Fv2%2Fmedia&parent=102701"}],"wp:term":[{"taxonomy":"category","embeddable":true,"href":"https:\/\/portaltactica.com\/index.php?rest_route=%2Fwp%2Fv2%2Fcategories&post=102701"},{"taxonomy":"post_tag","embeddable":true,"href":"https:\/\/portaltactica.com\/index.php?rest_route=%2Fwp%2Fv2%2Ftags&post=102701"}],"curies":[{"name":"wp","href":"https:\/\/api.w.org\/{rel}","templated":true}]}}