{"id":102698,"date":"2026-03-04T15:00:23","date_gmt":"2026-03-04T22:00:23","guid":{"rendered":"https:\/\/portaltactica.com\/?p=102698"},"modified":"2026-03-04T15:00:28","modified_gmt":"2026-03-04T22:00:28","slug":"gimenez-ya-entrena-con-el-milan-podra-jugar-en-el-derbi-contra-el-inter","status":"publish","type":"post","link":"https:\/\/portaltactica.com\/?p=102698","title":{"rendered":"Gim\u00e9nez ya entrena con el Milan, \u00bfpodr\u00e1 jugar en el derbi contra el Inter?"},"content":{"rendered":"\n<p>Tras 4 meses alejado de las canchas, tal parece que el regreso de\u00a0<strong>Santiago Gimenez\u00a0<\/strong>est\u00e1 muy cerca, pues ahora se report\u00f3 desde\u00a0<strong>Italia\u00a0<\/strong>que el mexicano\u00a0<strong>ya form\u00f3 parte de los entrenamientos<\/strong>\u00a0\u2014aunque a su ritmo\u2014\u00a0del\u00a0<strong>AC Milan.<\/strong><\/p>\n\n\n\n<h2 class=\"wp-block-heading\"><strong>\u00bfSantiago Gimenez jugar\u00e1 ante Inter?<\/strong><\/h2>\n\n\n\n<p>De acuerdo con un reporte realizado por el periodista\u00a0<strong>Peppe Di Stefano<\/strong>\u00a0de Sky Sport, y el cual fue retomado por TUDN, el\u00a0<strong>Bebote\u00a0<\/strong>ya comenz\u00f3\u00a0<strong>&#8220;su programa de rehabilitaci\u00f3n y reacondicionamiento&#8221;,<\/strong>\u00a0por lo que ya se le vio trabajando en el\u00a0<strong>gimnasio\u00a0<\/strong>del equipo de la\u00a0<strong>Serie A.<\/strong><\/p>\n\n\n\n<p><strong>Cabe destacar que el pasado lunes, el medio<em>&nbsp;Corriere dello Sport<\/em>&nbsp;public\u00f3 que&nbsp;Gimenez&nbsp;estaba listo para regresar luego de&nbsp;superar con \u00e9xito la \u00faltima revisi\u00f3n medica a&nbsp;la que fue sometido por parte del&nbsp;Milan.<\/strong><strong><\/strong><\/p>\n\n\n\n<blockquote class=\"wp-block-quote is-layout-flow wp-block-quote-is-layout-flow\">\n<p>&#8220;En los pr\u00f3ximos d\u00edas,<strong>&nbsp;el jugador completar\u00e1 los preparativos para su regreso a la plantilla&nbsp;<\/strong>y est\u00e1 cada vez m\u00e1s cerca de estar disponible para&nbsp;<strong>Allegri&nbsp;<\/strong>para el derbi ante Inter&#8221;, public\u00f3 dicho medio.<\/p>\n<\/blockquote>\n\n\n\n<p>Cabe recordar que el atacante azteca caus\u00f3 baja del&nbsp;<strong>Milan&nbsp;<\/strong>tras someterse a una<strong>&nbsp;cirug\u00eda<\/strong>&nbsp;para tratar una<strong>&nbsp;lesi\u00f3n cr\u00f3nica en el tobillo derecho,<\/strong>&nbsp;situaci\u00f3n que sin duda encendi\u00f3 las alarmas en la Selecci\u00f3n Mexicana debido a que el&nbsp;<strong><a href=\"https:\/\/www.mediotiempo.com\/futbol\/copa-mundial\/revelan-el-poster-oficial-del-mundial-2026-a-100-dias-de-que-inicie-el-torneo\" target=\"_blank\" rel=\"noreferrer noopener\">Mundial 2026<\/a><\/strong>&nbsp;est\u00e1 a la vuelta de la esquina.<\/p>\n\n\n\n<h2 class=\"wp-block-heading\">\u00bfCu\u00e1ndo es el AC Milan vs Inter?<\/h2>\n\n\n\n<p>El esperado<strong>&nbsp;Derby della Madonnina<\/strong>&nbsp;est\u00e1 programado para este domingo<strong>&nbsp;8 de marzo a las 13:45 horas<\/strong>&nbsp;(tiempo del centro de M\u00e9xico). Este duelo es clave para ambos equipos, pues&nbsp;<strong>Inter&nbsp;<\/strong>y&nbsp;<strong>Milan&nbsp;<\/strong>avanzan en el primero y segundo lugar, respectivamente, de la&nbsp;<strong>Tabla General de la Serie A<\/strong>; la diferencia entre ambos es de&nbsp;<strong>10 puntos.<\/strong><\/p>\n<div class='share-to-whatsapp-wrapper'><div class='share-on-whsp'>Share on: <\/div><a data-text='Gim\u00e9nez ya entrena con el Milan, \u00bfpodr\u00e1 jugar en el derbi contra el Inter?' data-link='https:\/\/portaltactica.com\/?p=102698' class='whatsapp-button whatsapp-share'>WhatsApp<\/a><div class='clear '><\/div><\/div>","protected":false},"excerpt":{"rendered":"<p>Tras 4 meses alejado de las canchas, tal parece que el regreso de\u00a0Santiago Gimenez\u00a0est\u00e1 muy cerca, pues ahora se report\u00f3 desde\u00a0Italia\u00a0que&hellip;<\/p>\n","protected":false},"author":2,"featured_media":102699,"comment_status":"closed","ping_status":"closed","sticky":false,"template":"","format":"standard","meta":{"advanced_seo_description":"","jetpack_seo_html_title":"","jetpack_seo_noindex":false,"_jetpack_memberships_contains_paid_content":false,"footnotes":"","jetpack_publicize_message":"","jetpack_publicize_feature_enabled":true,"jetpack_social_post_already_shared":true,"jetpack_social_options":{"image_generator_settings":{"template":"highway","default_image_id":0,"font":"","enabled":false},"version":2}},"categories":[1898],"tags":[],"class_list":["post-102698","post","type-post","status-publish","format-standard","has-post-thumbnail","hentry","category-destacado-internacional"],"jetpack_publicize_connections":[],"jetpack_featured_media_url":"https:\/\/portaltactica.com\/wp-content\/uploads\/2026\/03\/8.jpg","jetpack_sharing_enabled":true,"_links":{"self":[{"href":"https:\/\/portaltactica.com\/index.php?rest_route=\/wp\/v2\/posts\/102698","targetHints":{"allow":["GET"]}}],"collection":[{"href":"https:\/\/portaltactica.com\/index.php?rest_route=\/wp\/v2\/posts"}],"about":[{"href":"https:\/\/portaltactica.com\/index.php?rest_route=\/wp\/v2\/types\/post"}],"author":[{"embeddable":true,"href":"https:\/\/portaltactica.com\/index.php?rest_route=\/wp\/v2\/users\/2"}],"replies":[{"embeddable":true,"href":"https:\/\/portaltactica.com\/index.php?rest_route=%2Fwp%2Fv2%2Fcomments&post=102698"}],"version-history":[{"count":1,"href":"https:\/\/portaltactica.com\/index.php?rest_route=\/wp\/v2\/posts\/102698\/revisions"}],"predecessor-version":[{"id":102700,"href":"https:\/\/portaltactica.com\/index.php?rest_route=\/wp\/v2\/posts\/102698\/revisions\/102700"}],"wp:featuredmedia":[{"embeddable":true,"href":"https:\/\/portaltactica.com\/index.php?rest_route=\/wp\/v2\/media\/102699"}],"wp:attachment":[{"href":"https:\/\/portaltactica.com\/index.php?rest_route=%2Fwp%2Fv2%2Fmedia&parent=102698"}],"wp:term":[{"taxonomy":"category","embeddable":true,"href":"https:\/\/portaltactica.com\/index.php?rest_route=%2Fwp%2Fv2%2Fcategories&post=102698"},{"taxonomy":"post_tag","embeddable":true,"href":"https:\/\/portaltactica.com\/index.php?rest_route=%2Fwp%2Fv2%2Ftags&post=102698"}],"curies":[{"name":"wp","href":"https:\/\/api.w.org\/{rel}","templated":true}]}}