{"id":101155,"date":"2026-01-07T12:35:55","date_gmt":"2026-01-07T19:35:55","guid":{"rendered":"https:\/\/portaltactica.com\/?p=101155"},"modified":"2026-01-07T12:35:57","modified_gmt":"2026-01-07T19:35:57","slug":"america-refuerza-su-plantel-con-su-tercer-fichaje-del-cl2026-desde-tijuana","status":"publish","type":"post","link":"https:\/\/portaltactica.com\/?p=101155","title":{"rendered":"Am\u00e9rica refuerza su plantel con su tercer fichaje del CL2026 desde Tijuana"},"content":{"rendered":"\n<p><strong>Am\u00e9rica sum\u00f3 a otro refuerzo<\/strong>\u00a0de cara al\u00a0<strong>Clausura 2026<\/strong>; este mi\u00e9rcoles\u00a0las\u00a0<strong>\u00c1guilas\u00a0<\/strong>dieron a conocer en sus redes sociales que\u00a0<strong>Aar\u00f3n Mej\u00eda<\/strong>, defensa de apenas 24 a\u00f1os, se suma al equipo de\u00a0<strong>Andr\u00e9 Jardine\u00a0<\/strong>para el torneo que inicia este viernes cuando visite a\u00a0<strong>Tijuana<\/strong>.<\/p>\n\n\n\n<h2 class=\"wp-block-heading\">\u00bfQui\u00e9n es Aar\u00f3n Mej\u00eda?<\/h2>\n\n\n\n<p>Se trata de un jugador que surgi\u00f3 en la<strong>\u00a0cantera de los Xolos de Tijuana<\/strong>, es un futbolista de\u00a0<strong>perfil diestro\u00a0<\/strong>que puede jugar como defensa central o bien como lateral derecho, siendo esta demarcaci\u00f3n en la que mejor rendimiento suele tener.<\/p>\n\n\n\n<p>La llegada de\u00a0<strong>Mej\u00eda\u00a0<\/strong>se convierte en la<strong>\u00a0competencia para Kevin \u00c1lvarez\u00a0<\/strong>y esto cerrar\u00eda la puerta para la llegada de\u00a0<strong>Brian Garc\u00eda<\/strong>, el jugador que el cuadro de\u00a0<strong>Coapa\u00a0<\/strong>pretend\u00eda para la banda, pero la falta de arreglo trab\u00f3 esa negociaci\u00f3n en los \u00faltimos d\u00edas.<\/p>\n\n\n\n<p>Adem\u00e1s, hay que recordar que tambi\u00e9n existe la posibilidad de que\u00a0<strong>Israel Reyes<\/strong>\u00a0pase a ser quien juegue en la banda derecha, pues la llegada de\u00a0<strong>Dourado\u00a0<\/strong>liberar\u00eda al seleccionado mexicano de la media de contenci\u00f3n, por lo que en todo caso\u00a0<strong>Mej\u00eda\u00a0<\/strong>pasar\u00eda a ser una tercera opci\u00f3n.<\/p>\n\n\n\n<p>El cuerpo t\u00e9cnico de los azulcremas quer\u00eda tener una opci\u00f3n m\u00e1s en esa banda, porque el&nbsp;<strong>rendimiento de \u00c1lvarez no ha sido el que se esperaba,<\/strong>&nbsp;aunado a que Mej\u00eda puede ser un proyecto de futuro.<\/p>\n\n\n\n<h2 class=\"wp-block-heading\">\u00bfCu\u00e1les son los n\u00fameros de Aar\u00f3n Mej\u00eda?&nbsp;<\/h2>\n\n\n\n<p>A sus 24 a\u00f1os,&nbsp;<strong>Aar\u00f3n Mej\u00eda ya acumula m\u00e1s de 50 partidos<\/strong>&nbsp;en Primera Divisi\u00f3n, por lo que sabe de qu\u00e9 trata el negocio y entiende que el desaf\u00edo de buscar un puesto en Am\u00e9rica es el gran reto de su carrera.<\/p>\n\n\n\n<p>En\u00a0<strong>2025\u00a0<\/strong>sum\u00f3\u00a0<strong>20 juegos con Xolo<\/strong>s, 13 de ellos en el Clausura, 6 en el Apertura y 1 en la Leagues Cup y colabor\u00f3 con dos asistencias.\u00a0<strong>Aar\u00f3n Mej\u00eda<\/strong>\u00a0se convierte en el tercer jugador que llega al club azulcrema despu\u00e9s del fichaje del brasile\u00f1o\u00a0<strong>Rodrigo Dourado\u00a0<\/strong>y del regreso del portero<strong>\u00a0Fernando Tapia.<\/strong><\/p>\n\n\n\n<p><strong>Am\u00e9rica&nbsp;<\/strong>debuta este viernes en el&nbsp;<strong>Torneo Clausura 2026<\/strong>&nbsp;en condici\u00f3n de visitante, en la cancha del estadio Caliente, frente a los&nbsp;<strong>Xolos de Tijuana.<\/strong><\/p>\n<div class='share-to-whatsapp-wrapper'><div class='share-on-whsp'>Share on: <\/div><a data-text='Am\u00e9rica refuerza su plantel con su tercer fichaje del CL2026 desde Tijuana' data-link='https:\/\/portaltactica.com\/?p=101155' class='whatsapp-button whatsapp-share'>WhatsApp<\/a><div class='clear '><\/div><\/div>","protected":false},"excerpt":{"rendered":"<p>Am\u00e9rica sum\u00f3 a otro refuerzo\u00a0de cara al\u00a0Clausura 2026; este mi\u00e9rcoles\u00a0las\u00a0\u00c1guilas\u00a0dieron a conocer en sus redes sociales que\u00a0Aar\u00f3n Mej\u00eda, defensa de apenas&hellip;<\/p>\n","protected":false},"author":2,"featured_media":101156,"comment_status":"closed","ping_status":"closed","sticky":false,"template":"","format":"standard","meta":{"advanced_seo_description":"","jetpack_seo_html_title":"","jetpack_seo_noindex":false,"_jetpack_memberships_contains_paid_content":false,"footnotes":"","jetpack_publicize_message":"","jetpack_publicize_feature_enabled":true,"jetpack_social_post_already_shared":true,"jetpack_social_options":{"image_generator_settings":{"template":"highway","default_image_id":0,"font":"","enabled":false},"version":2}},"categories":[1897],"tags":[],"class_list":["post-101155","post","type-post","status-publish","format-standard","has-post-thumbnail","hentry","category-destacado-nacional"],"jetpack_publicize_connections":[],"jetpack_featured_media_url":"https:\/\/portaltactica.com\/wp-content\/uploads\/2026\/01\/6.jpg","jetpack_sharing_enabled":true,"_links":{"self":[{"href":"https:\/\/portaltactica.com\/index.php?rest_route=\/wp\/v2\/posts\/101155","targetHints":{"allow":["GET"]}}],"collection":[{"href":"https:\/\/portaltactica.com\/index.php?rest_route=\/wp\/v2\/posts"}],"about":[{"href":"https:\/\/portaltactica.com\/index.php?rest_route=\/wp\/v2\/types\/post"}],"author":[{"embeddable":true,"href":"https:\/\/portaltactica.com\/index.php?rest_route=\/wp\/v2\/users\/2"}],"replies":[{"embeddable":true,"href":"https:\/\/portaltactica.com\/index.php?rest_route=%2Fwp%2Fv2%2Fcomments&post=101155"}],"version-history":[{"count":1,"href":"https:\/\/portaltactica.com\/index.php?rest_route=\/wp\/v2\/posts\/101155\/revisions"}],"predecessor-version":[{"id":101157,"href":"https:\/\/portaltactica.com\/index.php?rest_route=\/wp\/v2\/posts\/101155\/revisions\/101157"}],"wp:featuredmedia":[{"embeddable":true,"href":"https:\/\/portaltactica.com\/index.php?rest_route=\/wp\/v2\/media\/101156"}],"wp:attachment":[{"href":"https:\/\/portaltactica.com\/index.php?rest_route=%2Fwp%2Fv2%2Fmedia&parent=101155"}],"wp:term":[{"taxonomy":"category","embeddable":true,"href":"https:\/\/portaltactica.com\/index.php?rest_route=%2Fwp%2Fv2%2Fcategories&post=101155"},{"taxonomy":"post_tag","embeddable":true,"href":"https:\/\/portaltactica.com\/index.php?rest_route=%2Fwp%2Fv2%2Ftags&post=101155"}],"curies":[{"name":"wp","href":"https:\/\/api.w.org\/{rel}","templated":true}]}}