{"id":100909,"date":"2025-12-26T10:23:35","date_gmt":"2025-12-26T17:23:35","guid":{"rendered":"https:\/\/portaltactica.com\/?p=100909"},"modified":"2025-12-26T10:23:38","modified_gmt":"2025-12-26T17:23:38","slug":"sevilla-y-matias-almeyda-sancionados-duramente-por-sus-acciones-contra-el-real-madrid","status":"publish","type":"post","link":"https:\/\/portaltactica.com\/?p=100909","title":{"rendered":"Sevilla y Mat\u00edas Almeyda sancionados duramente por sus acciones contra el Real Madrid"},"content":{"rendered":"\n<p>El pasado 20 de diciembre,&nbsp;<strong>Sevilla se enfrent\u00f3 al Real Madrid&nbsp;<\/strong>y todo fue un desastre para el conjunto de<strong>&nbsp;Mat\u00edas Almeyda<\/strong>, ya que no s\u00f3lo perdieron 2-0, tambi\u00e9n fue&nbsp;<strong>expulsado Marcao<\/strong>&nbsp;y \u00e9l, pues no pudo aguantar su molestia con el arbitraje.<\/p>\n\n\n\n<p>Ahora, el Comit\u00e9 de Disciplina de la RFEF hizo p\u00fablicas este viernes las resoluciones correspondientes a la jornada 17 y como era de esperarse, recibir\u00edan sanciones fuertes;\u00a0<strong>aplicaron siete partidos de suspensi\u00f3n (6 a Marcao y 1 a Almeyda)<\/strong>\u200b\u00bfQu\u00e9 castigos recibi\u00f3 el Sevilla?<\/p>\n\n\n\n<p>Se hizo\u00a0<strong>el desglose del castigo<\/strong>, a Marcao se le dio un partido por la doble amonestaci\u00f3n, pero se le agregaron cuatro encuentros por\u00a0<strong>insultos, ofensas verbales y actitudes injuriosas dirigidas al \u00e1rbitro<\/strong>, y por si no fuera suficiente, un duelo m\u00e1s por conducta contraria al buen orden deportivo.\u00a0<\/p>\n\n\n\n<p>Y es que seg\u00fan la c\u00e9dula arbitral, el jugador se encar\u00f3 con Mu\u00f1iz Ruiz a escasa distancia, despu\u00e9s camino al vestidor pate\u00f3 un bal\u00f3n en la zona del cuarto \u00e1rbitro.<\/p>\n\n\n\n<blockquote class=\"wp-block-quote is-layout-flow wp-block-quote-is-layout-flow\">\n<p>&#8220;<strong>Marcao se encar\u00f3 hacia mi persona a escasa distancia de mi cara de forma intimidante<\/strong>&nbsp;teniendo que ser retirado por sus compa\u00f1eros. Cuando fue separado se dirigi\u00f3 a m\u00ed en los siguientes t\u00e9rminos: &#8216;Fillo da puta madre&#8217;, dirigi\u00e9ndose al t\u00fanel de vestuarios donde propin\u00f3 una patada a un bal\u00f3n que hab\u00eda en la zona del cuarto \u00e1rbitro&#8221;.<\/p>\n<\/blockquote>\n\n\n\n<h2 class=\"wp-block-heading\">\u00bfFue apropiado el castigo a Almeyda?<\/h2>\n\n\n\n<p><strong>Almeyda fue castigado con un partido<\/strong>&nbsp;de suspensi\u00f3n por doble amonestaci\u00f3n y se salv\u00f3 de recibir m\u00e1s, pues en sala de prensa se quej\u00f3 el arbitraje.<\/p>\n\n\n\n<blockquote class=\"wp-block-quote is-layout-flow wp-block-quote-is-layout-flow\">\n<p>&#8220;Me gustar\u00eda que escuchasen los audios, porque es f\u00e1cil echar gente. No soy un payaso de un circo, tengo mi historia y soy un hombre que dialoga. Estamos haciendo del deporte algo autoritario y me duele. Pidan audios. Nunca vi que en dos minutos se\u00f1alen dos penaltis seguidos. Hay VAR. Hoy el arbitraje dirigi\u00f3 muy mal. Felicito al Madrid por su victoria, no fue beneficiado por ello.&nbsp;<strong>Estoy contra el arbitraje de lo mal que lo dirigi\u00f3<\/strong>, por eso fui expulsado. Me dijeron que estaban cansados que yo hable de respeto. Si hay alguna falta de respeto m\u00eda, que la pongan&#8221;.<\/p>\n<\/blockquote>\n<div class='share-to-whatsapp-wrapper'><div class='share-on-whsp'>Share on: <\/div><a data-text='Sevilla y Mat\u00edas Almeyda sancionados duramente por sus acciones contra el Real Madrid' data-link='https:\/\/portaltactica.com\/?p=100909' class='whatsapp-button whatsapp-share'>WhatsApp<\/a><div class='clear '><\/div><\/div>","protected":false},"excerpt":{"rendered":"<p>El pasado 20 de diciembre,&nbsp;Sevilla se enfrent\u00f3 al Real Madrid&nbsp;y todo fue un desastre para el conjunto de&nbsp;Mat\u00edas Almeyda, ya que&hellip;<\/p>\n","protected":false},"author":2,"featured_media":100910,"comment_status":"closed","ping_status":"closed","sticky":false,"template":"","format":"standard","meta":{"advanced_seo_description":"","jetpack_seo_html_title":"","jetpack_seo_noindex":false,"_jetpack_memberships_contains_paid_content":false,"footnotes":"","jetpack_publicize_message":"","jetpack_publicize_feature_enabled":true,"jetpack_social_post_already_shared":true,"jetpack_social_options":{"image_generator_settings":{"template":"highway","default_image_id":0,"font":"","enabled":false},"version":2}},"categories":[1898],"tags":[],"class_list":["post-100909","post","type-post","status-publish","format-standard","has-post-thumbnail","hentry","category-destacado-internacional"],"jetpack_publicize_connections":[],"jetpack_featured_media_url":"https:\/\/portaltactica.com\/wp-content\/uploads\/2025\/12\/3-16.png","jetpack_sharing_enabled":true,"_links":{"self":[{"href":"https:\/\/portaltactica.com\/index.php?rest_route=\/wp\/v2\/posts\/100909","targetHints":{"allow":["GET"]}}],"collection":[{"href":"https:\/\/portaltactica.com\/index.php?rest_route=\/wp\/v2\/posts"}],"about":[{"href":"https:\/\/portaltactica.com\/index.php?rest_route=\/wp\/v2\/types\/post"}],"author":[{"embeddable":true,"href":"https:\/\/portaltactica.com\/index.php?rest_route=\/wp\/v2\/users\/2"}],"replies":[{"embeddable":true,"href":"https:\/\/portaltactica.com\/index.php?rest_route=%2Fwp%2Fv2%2Fcomments&post=100909"}],"version-history":[{"count":1,"href":"https:\/\/portaltactica.com\/index.php?rest_route=\/wp\/v2\/posts\/100909\/revisions"}],"predecessor-version":[{"id":100911,"href":"https:\/\/portaltactica.com\/index.php?rest_route=\/wp\/v2\/posts\/100909\/revisions\/100911"}],"wp:featuredmedia":[{"embeddable":true,"href":"https:\/\/portaltactica.com\/index.php?rest_route=\/wp\/v2\/media\/100910"}],"wp:attachment":[{"href":"https:\/\/portaltactica.com\/index.php?rest_route=%2Fwp%2Fv2%2Fmedia&parent=100909"}],"wp:term":[{"taxonomy":"category","embeddable":true,"href":"https:\/\/portaltactica.com\/index.php?rest_route=%2Fwp%2Fv2%2Fcategories&post=100909"},{"taxonomy":"post_tag","embeddable":true,"href":"https:\/\/portaltactica.com\/index.php?rest_route=%2Fwp%2Fv2%2Ftags&post=100909"}],"curies":[{"name":"wp","href":"https:\/\/api.w.org\/{rel}","templated":true}]}}