{"id":100897,"date":"2025-12-25T15:44:33","date_gmt":"2025-12-25T22:44:33","guid":{"rendered":"https:\/\/portaltactica.com\/?p=100897"},"modified":"2025-12-25T15:44:34","modified_gmt":"2025-12-25T22:44:34","slug":"mazatlan-fc-a-punto-de-fichar-a-un-canterano-clave-de-chivas","status":"publish","type":"post","link":"https:\/\/portaltactica.com\/?p=100897","title":{"rendered":"Mazatl\u00e1n FC, a punto de fichar a un canterano clave de Chivas"},"content":{"rendered":"\n<p>El portero de la cantera de las Chivas,<strong>&nbsp;Eduardo Garc\u00eda,&nbsp;<\/strong>pinta para&nbsp;<strong>dejar al club rojiblanco&nbsp;<\/strong>y reforzar al&nbsp;<strong>Mazatl\u00e1n FC<\/strong>&nbsp;por 6 meses.<\/p>\n\n\n\n<p>En la b\u00fasqueda de que el\u00a0<strong>&#8220;Drag\u00f3n&#8221; sume minutos y experiencia,\u00a0<\/strong>en el\u00a0<strong>Reba\u00f1o Sagrado\u00a0<\/strong>van muy adelantados con la gente de los Ca\u00f1oneros para lograr un\u00a0<strong>pr\u00e9stamo<\/strong>, informaron fuentes.<\/p>\n\n\n\n<p><strong>Garc\u00eda&nbsp;<\/strong>tiene 23 a\u00f1os de edad y es parte del&nbsp;<strong>Tapat\u00edo<\/strong>, filial de las Chivas que forma parte de la&nbsp;<strong>Liga de Expansi\u00f3n.<\/strong><\/p>\n\n\n\n<p><strong>El&nbsp;pr\u00e9stamo de Garc\u00eda&nbsp;ser\u00e1 solamente por&nbsp;6 meses, los \u00faltimos de la franquicia del&nbsp;Mazatl\u00e1n FC,&nbsp;ya que en verano del 2026 se convertir\u00e1 en el Atlante.<\/strong><\/p>\n\n\n\n<p>Este guardameta ha tenido una&nbsp;<strong>carrera interesante&nbsp;<\/strong>en la cantera de las Chivas y es una de las joyas;<strong>&nbsp;y<\/strong><strong>a debut\u00f3 en Liga MX,<\/strong>&nbsp;lo hizo con las Chivas en enero del&nbsp;<strong>2025&nbsp;<\/strong>ante Puebla; desde entonces son dos duelos en el M\u00e1ximo Circuito.<\/p>\n\n\n\n<p>La cesi\u00f3n temporal al&nbsp;<strong>Mazatl\u00e1n&nbsp;<\/strong>se da tras la<strong>&nbsp;venta de su portero,<\/strong>&nbsp;Ricardo Daniel Garc\u00eda al Puebla, quedando solamente<strong>&nbsp;Andr\u00e9 Alcar\u00e1z<\/strong>, curiosamente tambi\u00e9n de la cantera rojiblanca.&nbsp;Se espera que pronto se oficialice este pr\u00e9stamo.<\/p>\n<div class='share-to-whatsapp-wrapper'><div class='share-on-whsp'>Share on: <\/div><a data-text='Mazatl\u00e1n FC, a punto de fichar a un canterano clave de Chivas' data-link='https:\/\/portaltactica.com\/?p=100897' class='whatsapp-button whatsapp-share'>WhatsApp<\/a><div class='clear '><\/div><\/div>","protected":false},"excerpt":{"rendered":"<p>El portero de la cantera de las Chivas,&nbsp;Eduardo Garc\u00eda,&nbsp;pinta para&nbsp;dejar al club rojiblanco&nbsp;y reforzar al&nbsp;Mazatl\u00e1n FC&nbsp;por 6 meses. En la b\u00fasqueda&hellip;<\/p>\n","protected":false},"author":2,"featured_media":100898,"comment_status":"closed","ping_status":"closed","sticky":false,"template":"","format":"standard","meta":{"advanced_seo_description":"","jetpack_seo_html_title":"","jetpack_seo_noindex":false,"_jetpack_memberships_contains_paid_content":false,"footnotes":"","jetpack_publicize_message":"","jetpack_publicize_feature_enabled":true,"jetpack_social_post_already_shared":true,"jetpack_social_options":{"image_generator_settings":{"template":"highway","default_image_id":0,"font":"","enabled":false},"version":2}},"categories":[1897],"tags":[],"class_list":["post-100897","post","type-post","status-publish","format-standard","has-post-thumbnail","hentry","category-destacado-nacional"],"jetpack_publicize_connections":[],"jetpack_featured_media_url":"https:\/\/portaltactica.com\/wp-content\/uploads\/2025\/12\/6-13.jpg","jetpack_sharing_enabled":true,"_links":{"self":[{"href":"https:\/\/portaltactica.com\/index.php?rest_route=\/wp\/v2\/posts\/100897","targetHints":{"allow":["GET"]}}],"collection":[{"href":"https:\/\/portaltactica.com\/index.php?rest_route=\/wp\/v2\/posts"}],"about":[{"href":"https:\/\/portaltactica.com\/index.php?rest_route=\/wp\/v2\/types\/post"}],"author":[{"embeddable":true,"href":"https:\/\/portaltactica.com\/index.php?rest_route=\/wp\/v2\/users\/2"}],"replies":[{"embeddable":true,"href":"https:\/\/portaltactica.com\/index.php?rest_route=%2Fwp%2Fv2%2Fcomments&post=100897"}],"version-history":[{"count":1,"href":"https:\/\/portaltactica.com\/index.php?rest_route=\/wp\/v2\/posts\/100897\/revisions"}],"predecessor-version":[{"id":100899,"href":"https:\/\/portaltactica.com\/index.php?rest_route=\/wp\/v2\/posts\/100897\/revisions\/100899"}],"wp:featuredmedia":[{"embeddable":true,"href":"https:\/\/portaltactica.com\/index.php?rest_route=\/wp\/v2\/media\/100898"}],"wp:attachment":[{"href":"https:\/\/portaltactica.com\/index.php?rest_route=%2Fwp%2Fv2%2Fmedia&parent=100897"}],"wp:term":[{"taxonomy":"category","embeddable":true,"href":"https:\/\/portaltactica.com\/index.php?rest_route=%2Fwp%2Fv2%2Fcategories&post=100897"},{"taxonomy":"post_tag","embeddable":true,"href":"https:\/\/portaltactica.com\/index.php?rest_route=%2Fwp%2Fv2%2Ftags&post=100897"}],"curies":[{"name":"wp","href":"https:\/\/api.w.org\/{rel}","templated":true}]}}