{"id":100885,"date":"2025-12-25T12:01:18","date_gmt":"2025-12-25T19:01:18","guid":{"rendered":"https:\/\/portaltactica.com\/?p=100885"},"modified":"2025-12-25T12:01:21","modified_gmt":"2025-12-25T19:01:21","slug":"paunovic-habla-sobre-su-salida-de-chivas-la-verdad-es-que-me-arrepenti","status":"publish","type":"post","link":"https:\/\/portaltactica.com\/?p=100885","title":{"rendered":"Paunovic habla sobre su salida de Chivas: &#8220;La verdad es que me arrepent\u00ed&#8221;"},"content":{"rendered":"\n<p>Aunque ya pasaron dos a\u00f1os desde que\u00a0<strong>Chivas\u00a0<\/strong>anunci\u00f3 el fin de la era de\u00a0<strong>Veljko Paunovic\u00a0<\/strong>como entrenador del club, el serbio recuerda con mucha\u00a0<strong>nostalgia\u00a0<\/strong>el momento que vivi\u00f3 al decidir<strong>\u00a0no continuar\u00a0<\/strong>al frente del\u00a0<strong>Reba\u00f1o Sagrado.<\/strong><\/p>\n\n\n\n<p>En entrevista con&nbsp;<strong>Claro Sports<\/strong>, el estratega se sincer\u00f3 y revel\u00f3 que&nbsp;<strong>se arrepinti\u00f3 de dejar al conjunto de Guadalajara,<\/strong>&nbsp;luego de estar en el banquillo solo dos torneos, tiempo en el que la&nbsp;<strong>exigencia cobr\u00f3 factura<\/strong>&nbsp;en su estado f\u00edsico.<\/p>\n\n\n\n<blockquote class=\"wp-block-quote is-layout-flow wp-block-quote-is-layout-flow\">\n<p>\u201cLa verdad es que\u00a0<strong>me arrepent\u00ed,<\/strong>\u00a0aunque tengo que decir que cuando tom\u00e9 la decisi\u00f3n fue por un tema personal y familiar.<strong>\u00a0Me hab\u00eda entregado much\u00edsimo<\/strong>; mi familia estaba en Chicago y pr\u00e1cticamente viajaba todos los d\u00edas libres, tratando de que no se notara y sin que me afectara&#8221;, mencion\u00f3.<\/p>\n\n\n\n<h2 class=\"wp-block-heading\"><strong>\u00bfC\u00f3mo afect\u00f3 a&nbsp;Paunovic la responsabilidad de ser DT de&nbsp;<\/strong><strong>Chivas?<\/strong><\/h2>\n\n\n\n<p><strong>Paunovic\u00a0<\/strong>tambi\u00e9n comparti\u00f3 que durante su etapa como\u00a0<strong>entrenador de Chivas<\/strong>\u00a0perdi\u00f3 m\u00e1s de\u00a0<strong>10 kilos<\/strong>, una situaci\u00f3n que termin\u00f3 agot\u00e1ndolo tanto f\u00edsica como mentalmente.<\/p>\n\n\n\n<blockquote class=\"wp-block-quote is-layout-flow wp-block-quote-is-layout-flow\">\n<p>&#8220;Al final<strong>&nbsp;perd\u00ed unos 12 kilos en los 13 meses que estuve en Chivas.&nbsp;<\/strong>No me pes\u00f3 ni me doli\u00f3, pero<strong>&nbsp;not\u00e9 un agotamiento.<\/strong>&nbsp;Ten\u00eda mucha responsabilidad para volver al tercer torneo y no estar bien f\u00edsicamente, lo que luego me pod\u00eda afectar mentalmente. He aprendido con los a\u00f1os a conocerme y a identificar cuando llego a un estado f\u00edsico y mental en el que no puedo rendir como me gustar\u00eda\u201d, mencion\u00f3.<\/p>\n<\/blockquote>\n\n\n\n<h2 class=\"wp-block-heading\">&#8216;Me precipit\u00e9&#8217;&nbsp;<\/h2>\n\n\n\n<p>Asimismo, el&nbsp;<strong>DT&nbsp;<\/strong>comparti\u00f3 que semanas despu\u00e9s de que se confirmara su<strong>&nbsp;salida del Reba\u00f1o,&nbsp;<\/strong>analiz\u00f3 mejor la situaci\u00f3n y concluy\u00f3 que&nbsp;<strong>se hab\u00eda precipitado&nbsp;<\/strong>al dejar su cargo. &#8220;Tuve que tomar una decisi\u00f3n dif\u00edcil. Semanas despu\u00e9s, ya un poco recuperado, pens\u00e9 que&nbsp;<strong>me hab\u00eda precipitado, pero ya no hab\u00eda marcha atr\u00e1s&#8221;.<\/strong><\/p>\n\n\n\n<blockquote class=\"wp-block-quote is-layout-flow wp-block-quote-is-layout-flow\">\n<p>\u201cAgradezco la comprensi\u00f3n de la familia Vergara, de Fernando Hierro, de su gente, de Juani y de Fran. Aunque&nbsp;<strong>ellos estaban molestos,<\/strong>&nbsp;yo no. Se los dije claro: el d\u00eda que dije que no, dije que no me ten\u00edan que pagar nada. No me fui para ir a otro equipo ni por otros motivos\u201d, a\u00f1adi\u00f3.<\/p>\n<\/blockquote>\n<\/blockquote>\n<div class='share-to-whatsapp-wrapper'><div class='share-on-whsp'>Share on: <\/div><a data-text='Paunovic habla sobre su salida de Chivas: \"La verdad es que me arrepent\u00ed\"' data-link='https:\/\/portaltactica.com\/?p=100885' class='whatsapp-button whatsapp-share'>WhatsApp<\/a><div class='clear '><\/div><\/div>","protected":false},"excerpt":{"rendered":"<p>Aunque ya pasaron dos a\u00f1os desde que\u00a0Chivas\u00a0anunci\u00f3 el fin de la era de\u00a0Veljko Paunovic\u00a0como entrenador del club, el serbio recuerda con&hellip;<\/p>\n","protected":false},"author":2,"featured_media":100886,"comment_status":"closed","ping_status":"closed","sticky":false,"template":"","format":"standard","meta":{"advanced_seo_description":"","jetpack_seo_html_title":"","jetpack_seo_noindex":false,"_jetpack_memberships_contains_paid_content":false,"footnotes":"","jetpack_publicize_message":"","jetpack_publicize_feature_enabled":true,"jetpack_social_post_already_shared":true,"jetpack_social_options":{"image_generator_settings":{"template":"highway","default_image_id":0,"font":"","enabled":false},"version":2}},"categories":[1897],"tags":[],"class_list":["post-100885","post","type-post","status-publish","format-standard","has-post-thumbnail","hentry","category-destacado-nacional"],"jetpack_publicize_connections":[],"jetpack_featured_media_url":"https:\/\/portaltactica.com\/wp-content\/uploads\/2025\/12\/2-10.jpg","jetpack_sharing_enabled":true,"_links":{"self":[{"href":"https:\/\/portaltactica.com\/index.php?rest_route=\/wp\/v2\/posts\/100885","targetHints":{"allow":["GET"]}}],"collection":[{"href":"https:\/\/portaltactica.com\/index.php?rest_route=\/wp\/v2\/posts"}],"about":[{"href":"https:\/\/portaltactica.com\/index.php?rest_route=\/wp\/v2\/types\/post"}],"author":[{"embeddable":true,"href":"https:\/\/portaltactica.com\/index.php?rest_route=\/wp\/v2\/users\/2"}],"replies":[{"embeddable":true,"href":"https:\/\/portaltactica.com\/index.php?rest_route=%2Fwp%2Fv2%2Fcomments&post=100885"}],"version-history":[{"count":1,"href":"https:\/\/portaltactica.com\/index.php?rest_route=\/wp\/v2\/posts\/100885\/revisions"}],"predecessor-version":[{"id":100887,"href":"https:\/\/portaltactica.com\/index.php?rest_route=\/wp\/v2\/posts\/100885\/revisions\/100887"}],"wp:featuredmedia":[{"embeddable":true,"href":"https:\/\/portaltactica.com\/index.php?rest_route=\/wp\/v2\/media\/100886"}],"wp:attachment":[{"href":"https:\/\/portaltactica.com\/index.php?rest_route=%2Fwp%2Fv2%2Fmedia&parent=100885"}],"wp:term":[{"taxonomy":"category","embeddable":true,"href":"https:\/\/portaltactica.com\/index.php?rest_route=%2Fwp%2Fv2%2Fcategories&post=100885"},{"taxonomy":"post_tag","embeddable":true,"href":"https:\/\/portaltactica.com\/index.php?rest_route=%2Fwp%2Fv2%2Ftags&post=100885"}],"curies":[{"name":"wp","href":"https:\/\/api.w.org\/{rel}","templated":true}]}}