{"id":100882,"date":"2025-12-25T10:30:45","date_gmt":"2025-12-25T17:30:45","guid":{"rendered":"https:\/\/portaltactica.com\/?p=100882"},"modified":"2025-12-25T10:30:46","modified_gmt":"2025-12-25T17:30:46","slug":"vuelve-un-conocido-pumas-anuncia-a-su-nuevo-director-deportivo-para-el-clausura-2026","status":"publish","type":"post","link":"https:\/\/portaltactica.com\/?p=100882","title":{"rendered":"\u00a1Vuelve un conocido! Pumas anuncia a su nuevo director deportivo para el Clausura 2026"},"content":{"rendered":"\n<p>Las noticias alrededor de los\u00a0<strong>Pumas de la UNAM\u00a0<\/strong>no se detienen y en esta ocasi\u00f3n se ha sumado un viejo conocido al apartado directivo. Fuentes cercanas informaron que\u00a0<strong>Carlos Guti\u00e9rrez\u00a0<\/strong>se ha convertido en el\u00a0<strong>nuevo director deportivo\u00a0<\/strong>del conjunto del Pedregal, donde ya se encuentra desempe\u00f1ando sus funciones.<\/p>\n\n\n\n<h2 class=\"wp-block-heading\">\u00bfQui\u00e9n es Carlos Guti\u00e9rrez?<\/h2>\n\n\n\n<p>El v\u00ednculo de&nbsp;<strong>Carlos Antonio Guti\u00e9rrez Barriga&nbsp;<\/strong>y el C<strong>lub Universidad Nacional&nbsp;<\/strong>se remonta a los a\u00f1os 80, pues el actual directivo fue canterano del cuadro auriazul y posteriormente logr\u00f3 debutar en 1990. Del mismo modo,&nbsp;<strong>Guti\u00e9rrez&nbsp;<\/strong>defendi\u00f3 los colores de la instituci\u00f3n hasta 1995.<\/p>\n\n\n\n<p>Para&nbsp;<strong>2012<\/strong>,&nbsp;<strong>Carlos Guti\u00e9rrez fungi\u00f3 como t\u00e9cnico asistente&nbsp;<\/strong>en Cruz Azul, Necaxa, Veracruz y en Pumas. Esto adem\u00e1s de dirigir en varios equipos de la&nbsp;<strong>Liga de Expansi\u00f3n<\/strong>&nbsp;y categor\u00edas inferiores como Zacatepec, Venados de M\u00e9rida y Alebrijes de Oaxaca.<\/p>\n\n\n\n<h2 class=\"wp-block-heading\">Retomar una estructura<\/h2>\n\n\n\n<p>La intenci\u00f3n de\u00a0<strong>Pumas\u00a0<\/strong>es que\u00a0<strong>Antonio Sancho<\/strong>, actual vicepresidente deportivo, y\u00a0<strong>Carlos Guti\u00e9rrez\u00a0<\/strong>retomen una estructura como la que sol\u00edan tener el<strong>\u00a0Dr. Miguel Mej\u00eda Bar\u00f3n<\/strong>\u00a0(exvicepresidente deportivo) y\u00a0<strong>Eduardo Saracho<\/strong>\u00a0(ex-director de estrategia deportiva). Esto dem\u00e1s de promover el la detecci\u00f3n de talento, negociaci\u00f3n con posibles refuerzos, entre otras funciones.<\/p>\n\n\n\n<p>Esta marcar\u00e1 la&nbsp;<strong>primera experiencia de Guti\u00e9rrez&nbsp;<\/strong>como directivo, por lo que junto a&nbsp;<strong>To\u00f1o Sancho&nbsp;<\/strong>buscar\u00e1n seguir apuntalando a una plantilla que ya tiene como refuerzos para el&nbsp;<strong>Clausura 2026<\/strong>&nbsp;a&nbsp;<strong>C\u00e9sar Garza, Juninho, Tony Leone&nbsp;<\/strong>y se espera que en los pr\u00f3ximos d\u00edas hagan oficial la incorporaci\u00f3n de<strong>&nbsp;Jordan Carrillo.<\/strong><\/p>\n\n\n\n<p><\/p>\n<div class='share-to-whatsapp-wrapper'><div class='share-on-whsp'>Share on: <\/div><a data-text='\u00a1Vuelve un conocido! Pumas anuncia a su nuevo director deportivo para el Clausura 2026' data-link='https:\/\/portaltactica.com\/?p=100882' class='whatsapp-button whatsapp-share'>WhatsApp<\/a><div class='clear '><\/div><\/div>","protected":false},"excerpt":{"rendered":"<p>Las noticias alrededor de los\u00a0Pumas de la UNAM\u00a0no se detienen y en esta ocasi\u00f3n se ha sumado un viejo conocido al&hellip;<\/p>\n","protected":false},"author":2,"featured_media":100883,"comment_status":"closed","ping_status":"closed","sticky":false,"template":"","format":"standard","meta":{"advanced_seo_description":"","jetpack_seo_html_title":"","jetpack_seo_noindex":false,"_jetpack_memberships_contains_paid_content":false,"footnotes":"","jetpack_publicize_message":"","jetpack_publicize_feature_enabled":true,"jetpack_social_post_already_shared":true,"jetpack_social_options":{"image_generator_settings":{"template":"highway","default_image_id":0,"font":"","enabled":false},"version":2}},"categories":[1897],"tags":[],"class_list":["post-100882","post","type-post","status-publish","format-standard","has-post-thumbnail","hentry","category-destacado-nacional"],"jetpack_publicize_connections":[],"jetpack_featured_media_url":"https:\/\/portaltactica.com\/wp-content\/uploads\/2025\/12\/1-11.png","jetpack_sharing_enabled":true,"_links":{"self":[{"href":"https:\/\/portaltactica.com\/index.php?rest_route=\/wp\/v2\/posts\/100882","targetHints":{"allow":["GET"]}}],"collection":[{"href":"https:\/\/portaltactica.com\/index.php?rest_route=\/wp\/v2\/posts"}],"about":[{"href":"https:\/\/portaltactica.com\/index.php?rest_route=\/wp\/v2\/types\/post"}],"author":[{"embeddable":true,"href":"https:\/\/portaltactica.com\/index.php?rest_route=\/wp\/v2\/users\/2"}],"replies":[{"embeddable":true,"href":"https:\/\/portaltactica.com\/index.php?rest_route=%2Fwp%2Fv2%2Fcomments&post=100882"}],"version-history":[{"count":1,"href":"https:\/\/portaltactica.com\/index.php?rest_route=\/wp\/v2\/posts\/100882\/revisions"}],"predecessor-version":[{"id":100884,"href":"https:\/\/portaltactica.com\/index.php?rest_route=\/wp\/v2\/posts\/100882\/revisions\/100884"}],"wp:featuredmedia":[{"embeddable":true,"href":"https:\/\/portaltactica.com\/index.php?rest_route=\/wp\/v2\/media\/100883"}],"wp:attachment":[{"href":"https:\/\/portaltactica.com\/index.php?rest_route=%2Fwp%2Fv2%2Fmedia&parent=100882"}],"wp:term":[{"taxonomy":"category","embeddable":true,"href":"https:\/\/portaltactica.com\/index.php?rest_route=%2Fwp%2Fv2%2Fcategories&post=100882"},{"taxonomy":"post_tag","embeddable":true,"href":"https:\/\/portaltactica.com\/index.php?rest_route=%2Fwp%2Fv2%2Ftags&post=100882"}],"curies":[{"name":"wp","href":"https:\/\/api.w.org\/{rel}","templated":true}]}}