{"id":100546,"date":"2025-12-11T14:07:10","date_gmt":"2025-12-11T21:07:10","guid":{"rendered":"https:\/\/portaltactica.com\/?p=100546"},"modified":"2025-12-11T14:07:12","modified_gmt":"2025-12-11T21:07:12","slug":"benzema-no-cierra-las-puertas-al-mundial-2026-con-francia-si-me-llaman-vuelvo","status":"publish","type":"post","link":"https:\/\/portaltactica.com\/?p=100546","title":{"rendered":"Benzema no cierra las puertas al Mundial 2026 con Francia: &#8220;Si me llaman, vuelvo&#8221;"},"content":{"rendered":"\n<p>El delantero franc\u00e9s Karim Benzema\u00a0dej\u00f3 abierta la puerta a disputar el Mundial de 2026 con los &#8216;bleus&#8217;, cuatro a\u00f1os despu\u00e9s de su retirada internacional tras una lesi\u00f3n que le apart\u00f3 del Mundial de Catar y le enfrent\u00f3, de nuevo, con el seleccionador, Didier Deschamps.<\/p>\n\n\n\n<p>&#8220;Si me llaman a la selecci\u00f3n, vuelvo&#8221;, dijo el ex jugador del Real Madrid en una entrevista que publica este jueves la web de&nbsp;<em>L&#8217;\u00c9quipe<\/em>, en la que se pregunta:&nbsp;<strong>&#8220;\u00bfQui\u00e9n no tiene ganas de jugar un Mundial?&#8221;.<\/strong><\/p>\n\n\n\n<p><strong>Benzema, de 27 a\u00f1os y actualmente en el Al-Ittihad saud\u00ed, asegura que se siente &#8220;un competidor&#8221;<\/strong>&nbsp;y como tal no podr\u00eda rechazar disputar una competici\u00f3n como el Mundial, que se perdi\u00f3 en 2018 por un asunto judicial y cuatro a\u00f1os m\u00e1s tarde por una lesi\u00f3n de \u00faltima hora.<\/p>\n\n\n\n<p>Aquel episodio enturbi\u00f3 aun m\u00e1s la relaci\u00f3n con Deschamps, que critic\u00f3 que el jugador abandonara la concentraci\u00f3n de Francia&nbsp;<strong>en Catar pero enseguida empezara a entrenar con el Madrid.<\/strong><\/p>\n\n\n\n<p>Semanas m\u00e1s tarde,\u00a0Benzema anunci\u00f3 que pon\u00eda fin a su carrera internacional.<\/p>\n\n\n\n<p>El jugador se neg\u00f3 a valorar aquellos acontecimientos, que&nbsp;<strong>consider\u00f3 &#8220;terminados&#8221; y dijo no querer &#8220;alimentar la pol\u00e9mica&#8221;.<\/strong><\/p>\n\n\n\n<p>La historia de Benzema con la selecci\u00f3n francesa ha estado marcada por m\u00e1s sombras que luces.&nbsp;<strong>Debutante en 2007, sali\u00f3 de la lista de Deschamps en 2015&nbsp;<\/strong>cuando su nombre apareci\u00f3 asociado a un caso de chantaje con un v\u00eddeo sexual de su compa\u00f1ero Mathieu Valbuena, por el que finalmente fue condenado como c\u00f3mplice.<\/p>\n\n\n\n<p>En 2021 regres\u00f3 a la selecci\u00f3n gracias a sus buenas actuaciones con el Madrid, gan\u00f3 la Liga de las Naciones y marc\u00f3 cuatro goles en la Eurocopa que no pudieron impedir la eliminaci\u00f3n de Francia en octavos de final.Poco a poco, su peso en el equipo fue decreciendo por la emergencia de una nueva generaci\u00f3n liderada por Kylian Mbapp\u00e9, pero form\u00f3 parte de los convocados&nbsp;<strong>para el Mundial de 2022, que no pudo disputar por una lesi\u00f3n.<\/strong><\/p>\n\n\n\n<p><\/p>\n<div class='share-to-whatsapp-wrapper'><div class='share-on-whsp'>Share on: <\/div><a data-text='Benzema no cierra las puertas al Mundial 2026 con Francia: \"Si me llaman, vuelvo\"' data-link='https:\/\/portaltactica.com\/?p=100546' class='whatsapp-button whatsapp-share'>WhatsApp<\/a><div class='clear '><\/div><\/div>","protected":false},"excerpt":{"rendered":"<p>El delantero franc\u00e9s Karim Benzema\u00a0dej\u00f3 abierta la puerta a disputar el Mundial de 2026 con los &#8216;bleus&#8217;, cuatro a\u00f1os despu\u00e9s de&hellip;<\/p>\n","protected":false},"author":2,"featured_media":100547,"comment_status":"closed","ping_status":"closed","sticky":false,"template":"","format":"standard","meta":{"advanced_seo_description":"","jetpack_seo_html_title":"","jetpack_seo_noindex":false,"_jetpack_memberships_contains_paid_content":false,"footnotes":"","jetpack_publicize_message":"","jetpack_publicize_feature_enabled":true,"jetpack_social_post_already_shared":true,"jetpack_social_options":{"image_generator_settings":{"template":"highway","default_image_id":0,"font":"","enabled":false},"version":2}},"categories":[1898],"tags":[],"class_list":["post-100546","post","type-post","status-publish","format-standard","has-post-thumbnail","hentry","category-destacado-internacional"],"jetpack_publicize_connections":[],"jetpack_featured_media_url":"https:\/\/portaltactica.com\/wp-content\/uploads\/2025\/12\/6-4.jpg","jetpack_sharing_enabled":true,"_links":{"self":[{"href":"https:\/\/portaltactica.com\/index.php?rest_route=\/wp\/v2\/posts\/100546","targetHints":{"allow":["GET"]}}],"collection":[{"href":"https:\/\/portaltactica.com\/index.php?rest_route=\/wp\/v2\/posts"}],"about":[{"href":"https:\/\/portaltactica.com\/index.php?rest_route=\/wp\/v2\/types\/post"}],"author":[{"embeddable":true,"href":"https:\/\/portaltactica.com\/index.php?rest_route=\/wp\/v2\/users\/2"}],"replies":[{"embeddable":true,"href":"https:\/\/portaltactica.com\/index.php?rest_route=%2Fwp%2Fv2%2Fcomments&post=100546"}],"version-history":[{"count":1,"href":"https:\/\/portaltactica.com\/index.php?rest_route=\/wp\/v2\/posts\/100546\/revisions"}],"predecessor-version":[{"id":100548,"href":"https:\/\/portaltactica.com\/index.php?rest_route=\/wp\/v2\/posts\/100546\/revisions\/100548"}],"wp:featuredmedia":[{"embeddable":true,"href":"https:\/\/portaltactica.com\/index.php?rest_route=\/wp\/v2\/media\/100547"}],"wp:attachment":[{"href":"https:\/\/portaltactica.com\/index.php?rest_route=%2Fwp%2Fv2%2Fmedia&parent=100546"}],"wp:term":[{"taxonomy":"category","embeddable":true,"href":"https:\/\/portaltactica.com\/index.php?rest_route=%2Fwp%2Fv2%2Fcategories&post=100546"},{"taxonomy":"post_tag","embeddable":true,"href":"https:\/\/portaltactica.com\/index.php?rest_route=%2Fwp%2Fv2%2Ftags&post=100546"}],"curies":[{"name":"wp","href":"https:\/\/api.w.org\/{rel}","templated":true}]}}