{"id":100540,"date":"2025-12-11T12:23:39","date_gmt":"2025-12-11T19:23:39","guid":{"rendered":"https:\/\/portaltactica.com\/?p=100540"},"modified":"2025-12-11T12:23:40","modified_gmt":"2025-12-11T19:23:40","slug":"vicente-sanchez-muy-cerca-de-regresar-a-la-liga-mx-dos-equipos-estan-interesados-en-el","status":"publish","type":"post","link":"https:\/\/portaltactica.com\/?p=100540","title":{"rendered":"Vicente S\u00e1nchez, muy cerca de regresar a la Liga MX; dos equipos est\u00e1n interesados en \u00e9l"},"content":{"rendered":"\n<p><strong>Vicente S\u00e1nchez\u00a0dej\u00f3 de dirigir hace seis meses a\u00a0Cruz Azul<\/strong>\u00a0y no ha vuelto a los banquillo. Sin embargo, el director t\u00e9cnico uruguayo est\u00e1 cerca de regresar, ya que tiene\u00a0<strong>pl\u00e1ticas con dos equipos de la Liga MX<\/strong>, adem\u00e1s de algunas ofertas en Sudam\u00e9rica. Adem\u00e1s, rompi\u00f3 el silencio y respondi\u00f3\u00a0<strong>si en un futuro regresar\u00eda a La M\u00e1quina como director t\u00e9cnico<\/strong>.<\/p>\n\n\n\n<h2 class=\"wp-block-heading\"><strong>\u00bfQu\u00e9 dijo Vicente S\u00e1nchez?<\/strong><\/h2>\n\n\n\n<p>&#8220;S\u00ed, estamos cerca, estoy cerca de si hay dos equipos mexicanos de los cuales se est\u00e1 hablando,\u00a0<strong>hay otra propuesta de ac\u00e1 de Sudam\u00e9rica<\/strong>. Ya con ganas de regresar, de estar de vuelta, pero analiz\u00e1ndolo bastante bien, as\u00ed que creo que pronto nos vamos a ver y siempre agradecido,\u00a0<strong>agradecido con M\u00e9xico, agradecido con la liga, creo que siempre me han tratado muy bien<\/strong>\u00a0y no va a ser la excepci\u00f3n cuando regrese&#8221;, dijo.<\/p>\n\n\n\n<p>En su primera oportunidad como director t\u00e9cnico,&nbsp;<strong>Vicente dirigi\u00f3 a Cruz Azul en el primer semestre de 2025 ante la salida repentina de Mart\u00edn Anselmi<\/strong>. Lleg\u00f3 a Semifinales de Liga MX y en lo internacional fue campe\u00f3n en la CONCACAF Champions Cup para&nbsp;<strong>clasificar a La M\u00e1quina a la Copa Intercontinental<\/strong>. Su balance cerr\u00f3 en 18 partidos ganados, ocho empates y perdi\u00f3 dos de los 28 que dirigi\u00f3.<\/p>\n\n\n\n<h2 class=\"wp-block-heading\"><strong>\u00bfVicente S\u00e1nchez volver\u00eda a Cruz Azul?<\/strong><\/h2>\n\n\n\n<p>Aun con esta efectividad en cinco meses,&nbsp;<strong>el uruguayo sali\u00f3 de Cruz Azul por decisi\u00f3n de la directiva<\/strong>, que no vio la suya con Nicol\u00e1s Larcam\u00f3n, quien tom\u00f3 el equipo para este segundo semestre de a\u00f1o, se qued\u00f3 en&nbsp;<strong>Semifinales del Apertura 2025<\/strong>&nbsp;y perdi\u00f3 en su primer y \u00fanico partido de la&nbsp;<strong>Copa Intercontinental ante Flamengo<\/strong>, razones para que la afici\u00f3n ya quiera su destituci\u00f3n del banquillo.<\/p>\n\n\n\n<p>Ante esto,\u00a0<strong>Vicente S\u00e1nchez mencion\u00f3 que prefiere no hablar sobre la situaci\u00f3n de Cruz Azul<\/strong>. Sin embargo, reiter\u00f3 su eterno agradecimiento a la\u00a0<strong>instituci\u00f3n cementera<\/strong>, aunque no asegur\u00f3 si regresar\u00eda o no a dirigir al equipo en un futuro.<\/p>\n\n\n\n<p>\u201cCuando uno est\u00e1 afuera de un equipo prefiero no hablar,&nbsp;<strong>pero s\u00ed lo que puedo comentarte es que siempre voy a estar agradecido con Cruz Azul<\/strong>&nbsp;y siempre estar\u00e9, as\u00ed que nada, por ahora te puedo decir eso, que mucho agradecimiento con la afici\u00f3n, con el club y despu\u00e9s,&nbsp;<strong>cuando uno est\u00e1 afuera no prefiero no opinar<\/strong>. Son decisiones que no dependen de m\u00ed. No suelo gastar el tiempo en pensar cosas que no dependen de uno. Entonces, cuando llega el momento y&nbsp;<strong>cuando pase, ah\u00ed analizar\u00e9, pero por ahora no son decisiones que las pueda tomar yo<\/strong>\u201d, sentenci\u00f3.<\/p>\n\n\n\n<p><\/p>\n\n\n\n<p style=\"font-size:10px\"><em>Fuente: R\u00c9CORD.<\/em><\/p>\n\n\n\n<p><\/p>\n<div class='share-to-whatsapp-wrapper'><div class='share-on-whsp'>Share on: <\/div><a data-text='Vicente S\u00e1nchez, muy cerca de regresar a la Liga MX; dos equipos est\u00e1n interesados en \u00e9l' data-link='https:\/\/portaltactica.com\/?p=100540' class='whatsapp-button whatsapp-share'>WhatsApp<\/a><div class='clear '><\/div><\/div>","protected":false},"excerpt":{"rendered":"<p>Vicente S\u00e1nchez\u00a0dej\u00f3 de dirigir hace seis meses a\u00a0Cruz Azul\u00a0y no ha vuelto a los banquillo. Sin embargo, el director t\u00e9cnico uruguayo&hellip;<\/p>\n","protected":false},"author":2,"featured_media":100541,"comment_status":"closed","ping_status":"closed","sticky":false,"template":"","format":"standard","meta":{"advanced_seo_description":"","jetpack_seo_html_title":"","jetpack_seo_noindex":false,"_jetpack_memberships_contains_paid_content":false,"footnotes":"","jetpack_publicize_message":"","jetpack_publicize_feature_enabled":true,"jetpack_social_post_already_shared":true,"jetpack_social_options":{"image_generator_settings":{"template":"highway","default_image_id":0,"font":"","enabled":false},"version":2}},"categories":[1897],"tags":[],"class_list":["post-100540","post","type-post","status-publish","format-standard","has-post-thumbnail","hentry","category-destacado-nacional"],"jetpack_publicize_connections":[],"jetpack_featured_media_url":"https:\/\/portaltactica.com\/wp-content\/uploads\/2025\/12\/4-7.jpg","jetpack_sharing_enabled":true,"_links":{"self":[{"href":"https:\/\/portaltactica.com\/index.php?rest_route=\/wp\/v2\/posts\/100540","targetHints":{"allow":["GET"]}}],"collection":[{"href":"https:\/\/portaltactica.com\/index.php?rest_route=\/wp\/v2\/posts"}],"about":[{"href":"https:\/\/portaltactica.com\/index.php?rest_route=\/wp\/v2\/types\/post"}],"author":[{"embeddable":true,"href":"https:\/\/portaltactica.com\/index.php?rest_route=\/wp\/v2\/users\/2"}],"replies":[{"embeddable":true,"href":"https:\/\/portaltactica.com\/index.php?rest_route=%2Fwp%2Fv2%2Fcomments&post=100540"}],"version-history":[{"count":1,"href":"https:\/\/portaltactica.com\/index.php?rest_route=\/wp\/v2\/posts\/100540\/revisions"}],"predecessor-version":[{"id":100542,"href":"https:\/\/portaltactica.com\/index.php?rest_route=\/wp\/v2\/posts\/100540\/revisions\/100542"}],"wp:featuredmedia":[{"embeddable":true,"href":"https:\/\/portaltactica.com\/index.php?rest_route=\/wp\/v2\/media\/100541"}],"wp:attachment":[{"href":"https:\/\/portaltactica.com\/index.php?rest_route=%2Fwp%2Fv2%2Fmedia&parent=100540"}],"wp:term":[{"taxonomy":"category","embeddable":true,"href":"https:\/\/portaltactica.com\/index.php?rest_route=%2Fwp%2Fv2%2Fcategories&post=100540"},{"taxonomy":"post_tag","embeddable":true,"href":"https:\/\/portaltactica.com\/index.php?rest_route=%2Fwp%2Fv2%2Ftags&post=100540"}],"curies":[{"name":"wp","href":"https:\/\/api.w.org\/{rel}","templated":true}]}}