{"id":100531,"date":"2025-12-11T12:11:43","date_gmt":"2025-12-11T19:11:43","guid":{"rendered":"https:\/\/portaltactica.com\/?p=100531"},"modified":"2025-12-11T12:11:46","modified_gmt":"2025-12-11T19:11:46","slug":"a-pesar-de-la-lesion-jose-juan-macias-extiende-su-contrato-con-pumas-por-dos-anos","status":"publish","type":"post","link":"https:\/\/portaltactica.com\/?p=100531","title":{"rendered":"\u00a1A pesar de la lesi\u00f3n! Jos\u00e9 Juan Mac\u00edas extiende su contrato con Pumas por dos a\u00f1os"},"content":{"rendered":"\n<p>Despu\u00e9s de varias semanas de negociaciones, donde incluso<strong>\u00a0Jos\u00e9 Juan Mac\u00edas\u00a0<\/strong>estuvo a punto de quedar fuera de los\u00a0<strong>Pumas de la UNAM<\/strong>, fuentes cercanas al club indicaron que\u00a0<strong>el delantero mexicano renovar\u00e1\u00a0<\/strong>con los auriazules por los siguientes 2 a\u00f1os.<\/p>\n\n\n\n<p><strong>\u00bfQu\u00e9 pas\u00f3 con Mac\u00edas y Pumas?<\/strong><\/p>\n\n\n\n<p>A la postre de la victoria de\u00a0<strong>Pumas ante Cruz Azul\u00a0<\/strong>en la Jornada 17 del\u00a0<strong>Torneo Apertura 2025<\/strong>, la escuadra del Pedregal comparti\u00f3 el siguiente\u00a0<strong>comunicado<\/strong>:\u00a0<\/p>\n\n\n\n<blockquote class=\"wp-block-quote is-layout-flow wp-block-quote-is-layout-flow\">\n<p>\u201cEl Club Universidad Nacional informa que el delantero&nbsp;<strong>Jos\u00e9 Juan Mac\u00edas sufri\u00f3 una lesi\u00f3n en la rodilla izquierda&nbsp;<\/strong>el s\u00e1bado pasado en el partido contra Cruz Azul\u201d.<\/p>\n<\/blockquote>\n\n\n\n<blockquote class=\"wp-block-quote is-layout-flow wp-block-quote-is-layout-flow\">\n<p>\u201cDespu\u00e9s de efectuarse las evaluaciones m\u00e9dicas respectivas, el jugador presenta una<strong>&nbsp;ruptura completa de ligamento cruzado anterior, ruptura de ligamento colateral medial y ruptura de menisco medial<\/strong>\u201d.<\/p>\n<\/blockquote>\n\n\n\n<p>No obstante, sus compa\u00f1eros respaldaron a Mac\u00edas e incluso<strong>&nbsp;Efra\u00edn Ju\u00e1rez y la directiva felina cobijaron a JJ&nbsp;<\/strong>al asegurarle que lo renovar\u00edan y acompa\u00f1ar\u00edan en su rehabilitaci\u00f3n. Sumado al hecho de que el delantero mexicano se encontraba muy cerca de cumplir su cuota de rendimiento con los auriazules.<\/p>\n\n\n\n<h2 class=\"wp-block-heading\">\u00bfC\u00f3mo se dio la renovaci\u00f3n de Mac\u00edas con Pumas?<\/h2>\n\n\n\n<p>Tal como se report\u00f3 en su momento,\u00a0<strong>Mac\u00edas se encontr\u00f3 muy cerca de partir<\/strong>\u00a0caminos con los Pumas, esto debido a que\u00a0<strong>el ariete tapat\u00edo deseaba realizar su rehabilitaci\u00f3n en una cl\u00ednica de los Estados Unidos<\/strong>, mientras que los universitarios quer\u00edan que Mac\u00edas optara por buenas opciones en M\u00e9xico y que de esta manera\u00a0<strong>el costo fuera m\u00e1s moderado.<\/strong><\/p>\n\n\n\n<p><strong>La versi\u00f3n por parte del&nbsp;Club Universidad Nacional&nbsp;siempre permaneci\u00f3 en que Jos\u00e9 Juan Mac\u00edas a\u00fan ten\u00eda contrato con el equipo y que se encontraban en conversaciones para determinar el siguiente paso en su recuperaci\u00f3n. Mismo que finalmente sucedi\u00f3 y&nbsp;ahora estar\u00e1 vinculado con los felinos por los siguientes 2 a\u00f1os.<\/strong><\/p>\n\n\n\n<p>Cabe recordar que\u00a0<strong>Mac\u00edas<\/strong>\u00a0estar\u00e1 de\u00a0<strong>baja por los siguientes 8 meses<\/strong>. Por lo que los universitarios har\u00e1n una evaluaci\u00f3n constante de la rehabilitaci\u00f3n de Jos\u00e9 Juan. En caso de que en el primer a\u00f1o de su nuevo contrato la evoluci\u00f3n no sea favorable, Pumas podr\u00e1 terminar el contrato de 2 a\u00f1os antes del tiempo determinado.<\/p>\n<div class='share-to-whatsapp-wrapper'><div class='share-on-whsp'>Share on: <\/div><a data-text='\u00a1A pesar de la lesi\u00f3n! Jos\u00e9 Juan Mac\u00edas extiende su contrato con Pumas por dos a\u00f1os' data-link='https:\/\/portaltactica.com\/?p=100531' class='whatsapp-button whatsapp-share'>WhatsApp<\/a><div class='clear '><\/div><\/div>","protected":false},"excerpt":{"rendered":"<p>Despu\u00e9s de varias semanas de negociaciones, donde incluso\u00a0Jos\u00e9 Juan Mac\u00edas\u00a0estuvo a punto de quedar fuera de los\u00a0Pumas de la UNAM, fuentes&hellip;<\/p>\n","protected":false},"author":2,"featured_media":100532,"comment_status":"closed","ping_status":"closed","sticky":false,"template":"","format":"standard","meta":{"advanced_seo_description":"","jetpack_seo_html_title":"","jetpack_seo_noindex":false,"_jetpack_memberships_contains_paid_content":false,"footnotes":"","jetpack_publicize_message":"","jetpack_publicize_feature_enabled":true,"jetpack_social_post_already_shared":true,"jetpack_social_options":{"image_generator_settings":{"template":"highway","default_image_id":0,"font":"","enabled":false},"version":2}},"categories":[1897],"tags":[],"class_list":["post-100531","post","type-post","status-publish","format-standard","has-post-thumbnail","hentry","category-destacado-nacional"],"jetpack_publicize_connections":[],"jetpack_featured_media_url":"https:\/\/portaltactica.com\/wp-content\/uploads\/2025\/12\/1-4.png","jetpack_sharing_enabled":true,"_links":{"self":[{"href":"https:\/\/portaltactica.com\/index.php?rest_route=\/wp\/v2\/posts\/100531","targetHints":{"allow":["GET"]}}],"collection":[{"href":"https:\/\/portaltactica.com\/index.php?rest_route=\/wp\/v2\/posts"}],"about":[{"href":"https:\/\/portaltactica.com\/index.php?rest_route=\/wp\/v2\/types\/post"}],"author":[{"embeddable":true,"href":"https:\/\/portaltactica.com\/index.php?rest_route=\/wp\/v2\/users\/2"}],"replies":[{"embeddable":true,"href":"https:\/\/portaltactica.com\/index.php?rest_route=%2Fwp%2Fv2%2Fcomments&post=100531"}],"version-history":[{"count":1,"href":"https:\/\/portaltactica.com\/index.php?rest_route=\/wp\/v2\/posts\/100531\/revisions"}],"predecessor-version":[{"id":100533,"href":"https:\/\/portaltactica.com\/index.php?rest_route=\/wp\/v2\/posts\/100531\/revisions\/100533"}],"wp:featuredmedia":[{"embeddable":true,"href":"https:\/\/portaltactica.com\/index.php?rest_route=\/wp\/v2\/media\/100532"}],"wp:attachment":[{"href":"https:\/\/portaltactica.com\/index.php?rest_route=%2Fwp%2Fv2%2Fmedia&parent=100531"}],"wp:term":[{"taxonomy":"category","embeddable":true,"href":"https:\/\/portaltactica.com\/index.php?rest_route=%2Fwp%2Fv2%2Fcategories&post=100531"},{"taxonomy":"post_tag","embeddable":true,"href":"https:\/\/portaltactica.com\/index.php?rest_route=%2Fwp%2Fv2%2Ftags&post=100531"}],"curies":[{"name":"wp","href":"https:\/\/api.w.org\/{rel}","templated":true}]}}