{"id":100499,"date":"2025-12-09T16:56:12","date_gmt":"2025-12-09T23:56:12","guid":{"rendered":"https:\/\/portaltactica.com\/?p=100499"},"modified":"2025-12-09T16:56:14","modified_gmt":"2025-12-09T23:56:14","slug":"el-futuro-de-la-seleccion-mexicana-rafa-marquez-seria-el-dt-despues-del-mundial-2026-como-sucesor-de-aguirre","status":"publish","type":"post","link":"https:\/\/portaltactica.com\/?p=100499","title":{"rendered":"El futuro de la Selecci\u00f3n Mexicana: Rafa M\u00e1rquez ser\u00eda el DT despu\u00e9s del Mundial 2026, como sucesor de Aguirre"},"content":{"rendered":"\n<p><strong>Ivar Sisniega,<\/strong>\u00a0presidente de la\u00a0<strong>Federaci\u00f3n Mexicana de Futbol (FMF)<\/strong>, puso punto final a los rumores sobre el futuro de la\u00a0<strong>Selecci\u00f3n Mexicana,<\/strong>\u00a0proyecto en el que\u00a0<strong>Rafael M\u00e1rquez<\/strong>\u00a0sigue siendo la prioridad y el elegido para ser el sucesor de<strong>\u00a0Javier Aguirre.<\/strong><\/p>\n\n\n\n<h2 class=\"wp-block-heading\"><strong>\u00bfQui\u00e9n ser\u00e1 el pr\u00f3ximo DT de la Selecci\u00f3n Mexicana?<\/strong><\/h2>\n\n\n\n<p>Fue en conferencia de prensa posterior a la&nbsp;<strong>Asamblea de Due\u00f1os<\/strong>&nbsp;que se realiz\u00f3 este martes en las instalaciones del&nbsp;<strong>Centro de Alto Rendimiento (CAR)&nbsp;<\/strong>en donde el mandam\u00e1s de la FMF confirm\u00f3 al exfutbolista como el elegido para<strong>&nbsp;tomar las riendas del Tri&nbsp;<\/strong>tras la&nbsp;<strong>Copa del Mundo 2026.<\/strong><\/p>\n\n\n\n<p>&#8220;Lo de Rafa M\u00e1rquez. Uno,&nbsp;<strong>as\u00ed est\u00e1 el contrato que tiene firmado<\/strong>, es un contrato que<strong>&nbsp;cuando \u00e9l termina su empleo como asistente de Javier Aguirre,&nbsp;<\/strong>despu\u00e9s de la Copa del Mundo,&nbsp;<strong>se integra como el entrenador principal de la Selecci\u00f3n<\/strong>&#8220;, dijo Sisniega.<\/p>\n\n\n\n<p>Asimismo, el directivo resalt\u00f3 el&nbsp;<strong>trabajo que ha estado haciendo el excapit\u00e1n del combinado azteca<\/strong>&nbsp;de cara al siguiente proceso mundialistas.<\/p>\n\n\n\n<p>&#8220;Yo ya he tenido&nbsp;<strong>reuniones con \u00e9l, con Duilio<\/strong>&nbsp;(Davino) para&nbsp;<strong>explorar su cuerpo t\u00e9cnico, con qui\u00e9n va a trabajar.<\/strong>&nbsp;Es un plan que est\u00e1 en marcha. \u00c9l ha observado muchos jugadores, ha tenido mucha actividad viendo quienes son los jugadores que se pueden integrar en sus primeras convocatorias&#8221;, asegur\u00f3 el presidente de la FMF.<\/p>\n\n\n\n<p>Por \u00faltimo,&nbsp;<strong>Sisniega&nbsp;<\/strong>se mostr\u00f3 con mucha confianza de seguir con el plan para que sea&nbsp;<strong>Rafa M\u00e1rquez&nbsp;<\/strong>el siguiente t\u00e9cnico de la&nbsp;<strong>Selecci\u00f3n Mexicana<\/strong>. &#8220;<strong>El plan est\u00e1 en marcha y esperamos poder cumplirlo&nbsp;<\/strong>porque as\u00ed est\u00e1 planeado y plasmado en el contrato&#8221;, dijo.<\/p>\n<div class='share-to-whatsapp-wrapper'><div class='share-on-whsp'>Share on: <\/div><a data-text='El futuro de la Selecci\u00f3n Mexicana: Rafa M\u00e1rquez ser\u00eda el DT despu\u00e9s del Mundial 2026, como sucesor de Aguirre' data-link='https:\/\/portaltactica.com\/?p=100499' class='whatsapp-button whatsapp-share'>WhatsApp<\/a><div class='clear '><\/div><\/div>","protected":false},"excerpt":{"rendered":"<p>Ivar Sisniega,\u00a0presidente de la\u00a0Federaci\u00f3n Mexicana de Futbol (FMF), puso punto final a los rumores sobre el futuro de la\u00a0Selecci\u00f3n Mexicana,\u00a0proyecto en&hellip;<\/p>\n","protected":false},"author":2,"featured_media":100500,"comment_status":"closed","ping_status":"closed","sticky":false,"template":"","format":"standard","meta":{"advanced_seo_description":"","jetpack_seo_html_title":"","jetpack_seo_noindex":false,"_jetpack_memberships_contains_paid_content":false,"footnotes":"","jetpack_publicize_message":"","jetpack_publicize_feature_enabled":true,"jetpack_social_post_already_shared":true,"jetpack_social_options":{"image_generator_settings":{"template":"highway","default_image_id":0,"font":"","enabled":false},"version":2}},"categories":[1897],"tags":[],"class_list":["post-100499","post","type-post","status-publish","format-standard","has-post-thumbnail","hentry","category-destacado-nacional"],"jetpack_publicize_connections":[],"jetpack_featured_media_url":"https:\/\/portaltactica.com\/wp-content\/uploads\/2025\/12\/8-3.jpg","jetpack_sharing_enabled":true,"_links":{"self":[{"href":"https:\/\/portaltactica.com\/index.php?rest_route=\/wp\/v2\/posts\/100499","targetHints":{"allow":["GET"]}}],"collection":[{"href":"https:\/\/portaltactica.com\/index.php?rest_route=\/wp\/v2\/posts"}],"about":[{"href":"https:\/\/portaltactica.com\/index.php?rest_route=\/wp\/v2\/types\/post"}],"author":[{"embeddable":true,"href":"https:\/\/portaltactica.com\/index.php?rest_route=\/wp\/v2\/users\/2"}],"replies":[{"embeddable":true,"href":"https:\/\/portaltactica.com\/index.php?rest_route=%2Fwp%2Fv2%2Fcomments&post=100499"}],"version-history":[{"count":1,"href":"https:\/\/portaltactica.com\/index.php?rest_route=\/wp\/v2\/posts\/100499\/revisions"}],"predecessor-version":[{"id":100501,"href":"https:\/\/portaltactica.com\/index.php?rest_route=\/wp\/v2\/posts\/100499\/revisions\/100501"}],"wp:featuredmedia":[{"embeddable":true,"href":"https:\/\/portaltactica.com\/index.php?rest_route=\/wp\/v2\/media\/100500"}],"wp:attachment":[{"href":"https:\/\/portaltactica.com\/index.php?rest_route=%2Fwp%2Fv2%2Fmedia&parent=100499"}],"wp:term":[{"taxonomy":"category","embeddable":true,"href":"https:\/\/portaltactica.com\/index.php?rest_route=%2Fwp%2Fv2%2Fcategories&post=100499"},{"taxonomy":"post_tag","embeddable":true,"href":"https:\/\/portaltactica.com\/index.php?rest_route=%2Fwp%2Fv2%2Ftags&post=100499"}],"curies":[{"name":"wp","href":"https:\/\/api.w.org\/{rel}","templated":true}]}}