{"id":100318,"date":"2025-12-03T12:03:35","date_gmt":"2025-12-03T19:03:35","guid":{"rendered":"https:\/\/portaltactica.com\/?p=100318"},"modified":"2025-12-03T12:03:37","modified_gmt":"2025-12-03T19:03:37","slug":"cade-cowell-dice-adios-a-chivas-y-se-va-cedido-a-los-ny-red-bulls","status":"publish","type":"post","link":"https:\/\/portaltactica.com\/?p=100318","title":{"rendered":"Cade Cowell dice adi\u00f3s a Chivas y se va cedido a los NY Red Bulls"},"content":{"rendered":"\n<p><strong>Cade Cowell<\/strong>\u00a0ser\u00e1 una\u00a0<strong>baja confirmada para las Chivas<\/strong>\u00a0rumbo al\u00a0Clausura 2026, pues la directiva rojiblanca acord\u00f3 ya su pr\u00e9stamo\u00a0 al New York Red Bulls.<\/p>\n\n\n\n<p>El nacido en California&nbsp;<strong>volver\u00e1 a la MLS<\/strong>&nbsp;y ahora con el cuadro neoyorquino que mostr\u00f3 inter\u00e9s en ficharlo desde un inicio.<\/p>\n\n\n\n<p>Esta negociaci\u00f3n fue r\u00e1pida y si bien los de Nueva York buscaron comprarlo,<strong>&nbsp;en Chivas decidieron que era mejor una cesi\u00f3n temporal<\/strong>&nbsp;para en un futuro repatriarlo.<\/p>\n\n\n\n<p>Se va cedido un a\u00f1o y el Red Bulls tendr\u00e1 mano en una posible compra.<\/p>\n\n\n\n<p>Hubo varios equipos que lo pidieron, entre ellos\u00a0el San Jos\u00e9 Earthquakes, sin embargl gust\u00f3 m\u00e1s el proyecto deportivo de Nueva York.<\/p>\n\n\n\n<p>Cowell ya fue avisado, incluso ya hay acuerdo econ\u00f3mico en todas las partes y<strong>&nbsp;solamente falta el anuncio<\/strong>, confirmaron fuentes a&nbsp;<strong>mediotiempo<\/strong>.<\/p>\n\n\n\n<h2 class=\"wp-block-heading\">Cowell perdi\u00f3 protagonismo en Chivas<\/h2>\n\n\n\n<p>El ofensivo tuvo un 2025 complicado con muy pocos minutos en la cancha y en este segundo semestre&nbsp;<strong>registr\u00f3 solamente 489 minutos<\/strong>, quedando varios duelos fuera de la convocatoria de Gabriel Milito.<\/p>\n\n\n\n<p>A Cowell le gust\u00f3 la propuesta de Nueva York y de ah\u00ed que&nbsp;<strong>ya tiene visualizada la zona donde vivir\u00e1<\/strong>&nbsp;con su esposa y su beb\u00e9 que est\u00e1 pr\u00f3ximo a nacer.<\/p>\n\n\n\n<h2 class=\"wp-block-heading\">Bajas de Chivas de cara al Clausura 2026<\/h2>\n\n\n\n<p>Cowell\u00a0es la segunda baja de Chivas, ya que la primera es la de Javier Hern\u00e1ndez, a quien no se le renovar\u00e1 contrato.<\/p>\n\n\n\n<p>Actualmente&nbsp;<strong>Cowell comenz\u00f3 su periodo vacacional<\/strong>&nbsp;tras quedar fuera con Chivas del Apertura 2025.<\/p>\n<div class='share-to-whatsapp-wrapper'><div class='share-on-whsp'>Share on: <\/div><a data-text='Cade Cowell dice adi\u00f3s a Chivas y se va cedido a los NY Red Bulls' data-link='https:\/\/portaltactica.com\/?p=100318' class='whatsapp-button whatsapp-share'>WhatsApp<\/a><div class='clear '><\/div><\/div>","protected":false},"excerpt":{"rendered":"<p>Cade Cowell\u00a0ser\u00e1 una\u00a0baja confirmada para las Chivas\u00a0rumbo al\u00a0Clausura 2026, pues la directiva rojiblanca acord\u00f3 ya su pr\u00e9stamo\u00a0 al New York Red&hellip;<\/p>\n","protected":false},"author":2,"featured_media":100319,"comment_status":"closed","ping_status":"closed","sticky":false,"template":"","format":"standard","meta":{"advanced_seo_description":"","jetpack_seo_html_title":"","jetpack_seo_noindex":false,"_jetpack_memberships_contains_paid_content":false,"footnotes":"","jetpack_publicize_message":"","jetpack_publicize_feature_enabled":true,"jetpack_social_post_already_shared":true,"jetpack_social_options":{"image_generator_settings":{"template":"highway","default_image_id":0,"font":"","enabled":false},"version":2}},"categories":[1897],"tags":[],"class_list":["post-100318","post","type-post","status-publish","format-standard","has-post-thumbnail","hentry","category-destacado-nacional"],"jetpack_publicize_connections":[],"jetpack_featured_media_url":"https:\/\/portaltactica.com\/wp-content\/uploads\/2025\/12\/1-1.jpg","jetpack_sharing_enabled":true,"_links":{"self":[{"href":"https:\/\/portaltactica.com\/index.php?rest_route=\/wp\/v2\/posts\/100318","targetHints":{"allow":["GET"]}}],"collection":[{"href":"https:\/\/portaltactica.com\/index.php?rest_route=\/wp\/v2\/posts"}],"about":[{"href":"https:\/\/portaltactica.com\/index.php?rest_route=\/wp\/v2\/types\/post"}],"author":[{"embeddable":true,"href":"https:\/\/portaltactica.com\/index.php?rest_route=\/wp\/v2\/users\/2"}],"replies":[{"embeddable":true,"href":"https:\/\/portaltactica.com\/index.php?rest_route=%2Fwp%2Fv2%2Fcomments&post=100318"}],"version-history":[{"count":1,"href":"https:\/\/portaltactica.com\/index.php?rest_route=\/wp\/v2\/posts\/100318\/revisions"}],"predecessor-version":[{"id":100320,"href":"https:\/\/portaltactica.com\/index.php?rest_route=\/wp\/v2\/posts\/100318\/revisions\/100320"}],"wp:featuredmedia":[{"embeddable":true,"href":"https:\/\/portaltactica.com\/index.php?rest_route=\/wp\/v2\/media\/100319"}],"wp:attachment":[{"href":"https:\/\/portaltactica.com\/index.php?rest_route=%2Fwp%2Fv2%2Fmedia&parent=100318"}],"wp:term":[{"taxonomy":"category","embeddable":true,"href":"https:\/\/portaltactica.com\/index.php?rest_route=%2Fwp%2Fv2%2Fcategories&post=100318"},{"taxonomy":"post_tag","embeddable":true,"href":"https:\/\/portaltactica.com\/index.php?rest_route=%2Fwp%2Fv2%2Ftags&post=100318"}],"curies":[{"name":"wp","href":"https:\/\/api.w.org\/{rel}","templated":true}]}}