{"id":100287,"date":"2025-12-01T15:23:05","date_gmt":"2025-12-01T22:23:05","guid":{"rendered":"https:\/\/portaltactica.com\/?p=100287"},"modified":"2025-12-01T15:23:06","modified_gmt":"2025-12-01T22:23:06","slug":"pumas-confirma-las-primeras-bajas-en-su-plantel-para-el-clausura-2026","status":"publish","type":"post","link":"https:\/\/portaltactica.com\/?p=100287","title":{"rendered":"Pumas confirma las primeras bajas en su plantel para el Clausura 2026"},"content":{"rendered":"\n<p>Despu\u00e9s de la eliminaci\u00f3n de los\u00a0<strong>Pumas de la UNAM<\/strong>\u00a0en el\u00a0<strong>Torneo Apertura 2025<\/strong>, el conjunto auriazul hizo oficial las\u00a0<strong>primeras bajas<\/strong>\u00a0del club de cara al arranque del\u00a0<strong>Clausura 2026<\/strong>. Sin embargo, estas se dieron en el apartado\u00a0<strong>directivo<\/strong>, m\u00e1s que en la plantilla, pues el\u00a0<strong>Dr. Miguel Mej\u00eda Bar\u00f3n<\/strong>, vicepresidente deportivo del equipo y\u00a0<strong>Eduardo Saracho<\/strong>, director de estrategia deportiva han dejado sus respectivos cargos.<\/p>\n\n\n\n<h2 class=\"wp-block-heading\">Mej\u00eda Bar\u00f3n despide de Pumas<\/h2>\n\n\n\n<p>Mediante un comunicado, los&nbsp;<strong>Pumas&nbsp;<\/strong>compartieron: \u201cEl Club Universidad Nacional informa que el&nbsp;<strong>Dr. Miguel Mej\u00eda Bar\u00f3n deja el cargo de vicepresidente deportivo&nbsp;<\/strong>de esta instituci\u00f3n, que ocup\u00f3 desde septiembre de 2021\u201d.<\/p>\n\n\n\n<blockquote class=\"wp-block-quote is-layout-flow wp-block-quote-is-layout-flow\">\n<p>\u201cMej\u00eda Bar\u00f3n present\u00f3, ante el Dr. Luis Ra\u00fal Gonz\u00e1lez P\u00e9rez, presidente de Pumas, su<strong>\u00a0renuncia al cargo luego de m\u00e1s de cuatro a\u00f1os de gesti\u00f3n,<\/strong>\u00a0agradeciendo la confianza brindada durante este tiempo al frente del \u00e1rea deportiva de la instituci\u00f3n\u201d.<\/p>\n<\/blockquote>\n\n\n\n<h2 class=\"wp-block-heading\">Una nueva direcci\u00f3n deportiva<\/h2>\n\n\n\n<p>De igual manera, los\u00a0<strong>Pumas\u00a0<\/strong>compartieron que<strong>\u00a0Eduardo Saracho<\/strong>\u00a0dejar\u00e1 su cargo como director deportivo del cuadro del Pedregal. Teniendo como sus \u00faltimos fichajes a\u00a0<strong>Keylor Navas,<\/strong>\u00a0\u00c1lvaro Angulo, Pedro Vite,\u00a0<strong>Aaron Ramsey<\/strong>, Alan Medina y\u00a0<strong>Jos\u00e9 Juan Mac\u00edas.<\/strong><\/p>\n\n\n\n<blockquote class=\"wp-block-quote is-layout-flow wp-block-quote-is-layout-flow\">\n<p>\u201cEl Club Universidad Nacional informa que,&nbsp;<strong>de com\u00fan acuerdo con Eduardo Saracho, \u00e9ste deja el cargo de director de estrategia deportiva&nbsp;<\/strong>de esta instituci\u00f3n\u201d.<\/p>\n<\/blockquote>\n\n\n\n<blockquote class=\"wp-block-quote is-layout-flow wp-block-quote-is-layout-flow\">\n<p>\u201cEl Dr. Luis Ra\u00fal Gonz\u00e1lez P\u00e9rez, presidente de Pumas, reconoce y<strong>&nbsp;agradece el trabajo y profesionalismo de Eduardo,&nbsp;<\/strong>desde su llegada a la instituci\u00f3n en julio de 2023, y le desea \u00e9xito en sus futuros proyectos\u201d.<\/p>\n<\/blockquote>\n\n\n\n<blockquote class=\"wp-block-quote is-layout-flow wp-block-quote-is-layout-flow\">\n<p>\u201cCon esta decisi\u00f3n, el\u00a0<strong>Club Universidad Nacional cierra una etapa en el \u00e1rea deportiva<\/strong>\u00a0con miras al arranque del torneo<strong>Clausura 2026<\/strong>\u201d.<\/p>\n<\/blockquote>\n<div class='share-to-whatsapp-wrapper'><div class='share-on-whsp'>Share on: <\/div><a data-text='Pumas confirma las primeras bajas en su plantel para el Clausura 2026' data-link='https:\/\/portaltactica.com\/?p=100287' class='whatsapp-button whatsapp-share'>WhatsApp<\/a><div class='clear '><\/div><\/div>","protected":false},"excerpt":{"rendered":"<p>Despu\u00e9s de la eliminaci\u00f3n de los\u00a0Pumas de la UNAM\u00a0en el\u00a0Torneo Apertura 2025, el conjunto auriazul hizo oficial las\u00a0primeras bajas\u00a0del club de&hellip;<\/p>\n","protected":false},"author":2,"featured_media":100289,"comment_status":"closed","ping_status":"closed","sticky":false,"template":"","format":"standard","meta":{"advanced_seo_description":"","jetpack_seo_html_title":"","jetpack_seo_noindex":false,"_jetpack_memberships_contains_paid_content":false,"footnotes":"","jetpack_publicize_message":"","jetpack_publicize_feature_enabled":true,"jetpack_social_post_already_shared":true,"jetpack_social_options":{"image_generator_settings":{"template":"highway","default_image_id":0,"font":"","enabled":false},"version":2}},"categories":[1897],"tags":[],"class_list":["post-100287","post","type-post","status-publish","format-standard","has-post-thumbnail","hentry","category-destacado-nacional"],"jetpack_publicize_connections":[],"jetpack_featured_media_url":"https:\/\/portaltactica.com\/wp-content\/uploads\/2025\/12\/6.png","jetpack_sharing_enabled":true,"_links":{"self":[{"href":"https:\/\/portaltactica.com\/index.php?rest_route=\/wp\/v2\/posts\/100287","targetHints":{"allow":["GET"]}}],"collection":[{"href":"https:\/\/portaltactica.com\/index.php?rest_route=\/wp\/v2\/posts"}],"about":[{"href":"https:\/\/portaltactica.com\/index.php?rest_route=\/wp\/v2\/types\/post"}],"author":[{"embeddable":true,"href":"https:\/\/portaltactica.com\/index.php?rest_route=\/wp\/v2\/users\/2"}],"replies":[{"embeddable":true,"href":"https:\/\/portaltactica.com\/index.php?rest_route=%2Fwp%2Fv2%2Fcomments&post=100287"}],"version-history":[{"count":2,"href":"https:\/\/portaltactica.com\/index.php?rest_route=\/wp\/v2\/posts\/100287\/revisions"}],"predecessor-version":[{"id":100290,"href":"https:\/\/portaltactica.com\/index.php?rest_route=\/wp\/v2\/posts\/100287\/revisions\/100290"}],"wp:featuredmedia":[{"embeddable":true,"href":"https:\/\/portaltactica.com\/index.php?rest_route=\/wp\/v2\/media\/100289"}],"wp:attachment":[{"href":"https:\/\/portaltactica.com\/index.php?rest_route=%2Fwp%2Fv2%2Fmedia&parent=100287"}],"wp:term":[{"taxonomy":"category","embeddable":true,"href":"https:\/\/portaltactica.com\/index.php?rest_route=%2Fwp%2Fv2%2Fcategories&post=100287"},{"taxonomy":"post_tag","embeddable":true,"href":"https:\/\/portaltactica.com\/index.php?rest_route=%2Fwp%2Fv2%2Ftags&post=100287"}],"curies":[{"name":"wp","href":"https:\/\/api.w.org\/{rel}","templated":true}]}}